{"id":20070,"date":"2023-09-05T16:03:43","date_gmt":"2023-09-05T20:03:43","guid":{"rendered":"https:\/\/newsroom.ocfl.net\/?p=20070"},"modified":"2023-10-03T12:56:39","modified_gmt":"2023-10-03T16:56:39","slug":"september-2023-honoring-the-past-inspiring-the-future","status":"publish","type":"post","link":"https:\/\/newsroom.ocfl.net\/2023\/09\/september-2023-honoring-the-past-inspiring-the-future\/","title":{"rendered":"The Demings Digest | September 2023 | Honoring the Past, Inspiring the Future"},"content":{"rendered":"<p><!-- mp_trans_remove_start -->Greetings!<\/p>\n<p>September is here, and it is filled with exciting activities and events taking place in our beautiful region. Our recent brush with Hurricane Idalia last week is also an important reminder that we are nearing the peak of hurricane season. I encourage everyone to restock your emergency supply kits and review our safety and preparedness information provided by Orange County\u2019s Office of Emergency Management.<\/p>\n<p>Football fans can rejoice with college football officially underway. Our very own UCF Knights began their inaugural season as members of the BIG 12 Conference with a victory just last week. Charge on!<\/p>\n<p>This is the time of year when the flavors of our community are on full display during Visit Orlando\u2019s Magical Dining. Experience the best of Orange County\u2019s culinary scene with special fixed-price menus at some of the most popular restaurants in the area.<\/p>\n<p>We\u2019re also celebrating the start of Hispanic Heritage Month. Join us as we honor the diverse traditions, art and flavors that make our community such a vibrant place to live. This year, the Center for Health and Wellbeing in Winter Park will host our annual art exhibition, featuring local artists displaying their work. Additionally, a second art exhibition will be showcased inside the Orange County Administration Building lobby.<\/p>\n<p>This is also the time to remember and honor the innocent lives lost on September 11, 2001, and the heroes who showed incredible bravery. As a nation, we will never forget that terrible day. Let us pay tribute to their memory.<\/p>\n<p>I wish everyone the very best.<\/p>\n<p>Sincerely,<\/p>\n<p>Jerry L. Demings<br \/>\nOrange County Mayor<\/p>\n<p><a href=\"https:\/\/www.ocfl.net\/Digest\" target=\"_blank\" rel=\"noopener\"><img loading=\"lazy\" decoding=\"async\" class=\"alignnone wp-image-20071\" title=\"Subscribe to the Demings\u2019 Digest Newsletter - opens in a new tab\" src=\"https:\/\/newsroom.ocfl.net\/wp-content\/uploads\/2023\/09\/Mayor_Demings_Digest_Footer_2022-1024x286.png\" alt=\"Orange County Mayor Jerry L. Demings\" width=\"500\" height=\"140\" srcset=\"https:\/\/newsroom.ocfl.net\/wp-content\/uploads\/2023\/09\/Mayor_Demings_Digest_Footer_2022-1024x286.png 1024w, https:\/\/newsroom.ocfl.net\/wp-content\/uploads\/2023\/09\/Mayor_Demings_Digest_Footer_2022-300x84.png 300w, https:\/\/newsroom.ocfl.net\/wp-content\/uploads\/2023\/09\/Mayor_Demings_Digest_Footer_2022-768x215.png 768w, https:\/\/newsroom.ocfl.net\/wp-content\/uploads\/2023\/09\/Mayor_Demings_Digest_Footer_2022-1536x429.png 1536w, https:\/\/newsroom.ocfl.net\/wp-content\/uploads\/2023\/09\/Mayor_Demings_Digest_Footer_2022-600x168.png 600w, https:\/\/newsroom.ocfl.net\/wp-content\/uploads\/2023\/09\/Mayor_Demings_Digest_Footer_2022-785x219.png 785w, https:\/\/newsroom.ocfl.net\/wp-content\/uploads\/2023\/09\/Mayor_Demings_Digest_Footer_2022.png 2000w\" sizes=\"auto, (max-width: 500px) 100vw, 500px\" \/><\/a><\/p>\n<p><a href=\"https:\/\/www.ocfl.net\/Digest\" target=\"_blank\" rel=\"noopener\" aria-label=\"Link opens in a new tab\">Subscribe to the Demings\u2019 Digest Newsletter<\/a><br \/>\n<!-- mp_trans_remove_end --><!-- mp_trans_disable_start --><!-- mp_trans_add\n\n\n<div style=\"margin: 20px auto; line-height: 1.4em; font-family: 'Alegreya Sans',sans-serif;\">\u00a1Saludos!<\/div>\n\n\n\n\n<div style=\"margin: 20px auto; line-height: 1.4em; font-family: 'Alegreya Sans',sans-serif;\">Septiembre ya est\u00e1 aqu\u00ed y est\u00e1 lleno de emocionantes actividades y eventos que tienen lugar en nuestra hermosa regi\u00f3n. Nuestro reciente roce con el hurac\u00e1n Idalia la semana pasada tambi\u00e9n es un recordatorio importante de que nos acercamos al pico de la temporada de huracanes. Animo a todos a reabastecer sus kits de suministros de emergencia y revisar la informaci\u00f3n de seguridad y preparaci\u00f3n proporcionada por nuestra Oficina de Administraci\u00f3n de Emergencias del Condado de Orange.<\/div>\n\n\n\n\n<div style=\"margin: 20px auto; line-height: 1.4em; font-family: 'Alegreya Sans',sans-serif;\">Los fan\u00e1ticos del f\u00fatbol pueden regocijarse con el f\u00fatbol universitario oficialmente en marcha. Nuestros UCF Knights comenzaron su temporada inaugural como miembros de la Conferencia BIG 12 con una victoria la semana pasada. \u00a1A la carga!<\/div>\n\n\n\n\n<div style=\"margin: 20px auto; line-height: 1.4em; font-family: 'Alegreya Sans',sans-serif;\">Esta es la \u00e9poca del a\u00f1o en la que los sabores de nuestra comunidad se exhiben durante el Magical Dining de Visit Orlando. Experimente lo mejor de la escena culinaria del Condado de Orange con men\u00fas especiales de precio fijo en algunos de los restaurantes m\u00e1s populares de la zona.<\/div>\n\n\n\n\n<div style=\"margin: 20px auto; line-height: 1.4em; font-family: 'Alegreya Sans',sans-serif;\">Tambi\u00e9n estamos celebrando el inicio del Mes de la Herencia Hispana. \u00danase a nosotros para honrar las diversas tradiciones, arte y sabores que hacen de nuestra comunidad un lugar tan vibrante para vivir. Este a\u00f1o, el Centro para la Salud y el Bienestar de Winter Park ser\u00e1 el anfitri\u00f3n de nuestra exposici\u00f3n de arte anual, en la que artistas locales exhibir\u00e1n sus trabajos. Adem\u00e1s, se exhibir\u00e1 una segunda exposici\u00f3n de arte dentro del vest\u00edbulo del Edificio de Administraci\u00f3n del Condado de Orange.<\/div>\n\n\n\n\n<div style=\"margin: 20px auto; line-height: 1.4em; font-family: 'Alegreya Sans',sans-serif;\">Este es tambi\u00e9n el momento de recordar y honrar las vidas inocentes perdidas el 11 de septiembre de 2001 y a los h\u00e9roes que demostraron una valent\u00eda incre\u00edble. Como naci\u00f3n, nunca olvidaremos ese terrible d\u00eda. Rindamos homenaje a su memoria.<\/div>\n\n\n\n\n<div style=\"margin: 20px auto; line-height: 1.4em; font-family: 'Alegreya Sans',sans-serif;\">Les deseo a todos lo mejor.<\/div>\n\n\n\n\n<div style=\"margin: 20px auto; line-height: 1.4em; font-family: 'Alegreya Sans',sans-serif;\">Atentamente,<\/div>\n\n\n\n\n<div style=\"margin: 20px auto; line-height: 1.4em; font-family: 'Alegreya Sans',sans-serif;\">Jerry L. Demings\n<br \/>\nAlcalde del Condado de Orange<\/div>\n\n\n\n\n<div><a href=\"https:\/\/espanol.ocfl.net\/Digest\" target=\"_blank\" rel=\"noopener\"><img loading=\"lazy\" decoding=\"async\" class=\"alignnone wp-image-20079\" title=\"Subscribe to the Demings\u2019 Digest Newsletter - opens in a new tab\" src=\"https:\/\/newsroom.ocfl.net\/wp-content\/uploads\/2023\/09\/Mayor_Demings_Digest_Footer_2022_Spanish-1024x286.png\" alt=\"Jerry L. Demings - Alcalde del Condado de Orange\" width=\"500\" height=\"140\" srcset=\"https:\/\/newsroom.ocfl.net\/wp-content\/uploads\/2023\/09\/Mayor_Demings_Digest_Footer_2022_Spanish-1024x286.png 1024w, https:\/\/newsroom.ocfl.net\/wp-content\/uploads\/2023\/09\/Mayor_Demings_Digest_Footer_2022_Spanish-300x84.png 300w, https:\/\/newsroom.ocfl.net\/wp-content\/uploads\/2023\/09\/Mayor_Demings_Digest_Footer_2022_Spanish-768x215.png 768w, https:\/\/newsroom.ocfl.net\/wp-content\/uploads\/2023\/09\/Mayor_Demings_Digest_Footer_2022_Spanish-1536x429.png 1536w, https:\/\/newsroom.ocfl.net\/wp-content\/uploads\/2023\/09\/Mayor_Demings_Digest_Footer_2022_Spanish-600x168.png 600w, https:\/\/newsroom.ocfl.net\/wp-content\/uploads\/2023\/09\/Mayor_Demings_Digest_Footer_2022_Spanish-785x219.png 785w, https:\/\/newsroom.ocfl.net\/wp-content\/uploads\/2023\/09\/Mayor_Demings_Digest_Footer_2022_Spanish.png 2000w\" sizes=\"auto, (max-width: 500px) 100vw, 500px\" \/><\/a><\/div>\n\n\n\n\n<div style=\"margin: 20px auto; line-height: 1.4em; font-family: 'Alegreya Sans',sans-serif;\"><a href=\"https:\/\/espanol.ocfl.net\/Digest\" target=\"_blank\" rel=\"noopener\" aria-label=\"Link opens in a new tab\">Suscribirse al Bolet\u00edn del Alcalde Demings<\/a><\/div>\n\n\n--><!-- mp_trans_disable_end --><\/p>\n","protected":false},"excerpt":{"rendered":"<p>Greetings! September is here, and it is filled with exciting activities and events taking place in our beautiful region. Our recent brush with Hurricane Idalia last week is also an important reminder that we are nearing the peak of hurricane season. I encourage everyone to restock your emergency supply kits and review our safety and [&hellip;]<\/p>\n","protected":false},"author":27,"featured_media":20073,"comment_status":"closed","ping_status":"closed","sticky":false,"template":"","format":"standard","meta":{"_acf_changed":false,"footnotes":""},"categories":[695],"tags":[474,696],"class_list":["post-20070","post","type-post","status-publish","format-standard","has-post-thumbnail","hentry","category-mayor-letter","tag-mayor-demings","tag-mayors-letter"],"acf":[],"yoast_head":"<!-- This site is optimized with the Yoast SEO plugin v28.2 - https:\/\/yoast.com\/product\/yoast-seo-wordpress\/ -->\n<title>The Demings Digest | September 2023 | Honoring the Past, Inspiring the Future<\/title>\n<meta name=\"robots\" content=\"index, follow, max-snippet:-1, max-image-preview:large, max-video-preview:-1\" \/>\n<link rel=\"canonical\" href=\"https:\/\/newsroom.ocfl.net\/2023\/09\/september-2023-honoring-the-past-inspiring-the-future\/\" \/>\n<meta property=\"og:locale\" content=\"en_US\" \/>\n<meta property=\"og:type\" content=\"article\" \/>\n<meta property=\"og:title\" content=\"The Demings Digest | September 2023 | Honoring the Past, Inspiring the Future\" \/>\n<meta property=\"og:description\" content=\"Greetings! September is here, and it is filled with exciting activities and events taking place in our beautiful region. Our recent brush with Hurricane Idalia last week is also an important reminder that we are nearing the peak of hurricane season. I encourage everyone to restock your emergency supply kits and review our safety and [&hellip;]\" \/>\n<meta property=\"og:url\" content=\"https:\/\/newsroom.ocfl.net\/2023\/09\/september-2023-honoring-the-past-inspiring-the-future\/\" \/>\n<meta property=\"og:site_name\" content=\"OCFL Newsroom\" \/>\n<meta property=\"article:publisher\" content=\"https:\/\/www.facebook.com\/OrangeCountyFlorida\/\" \/>\n<meta property=\"article:published_time\" content=\"2023-09-05T20:03:43+00:00\" \/>\n<meta property=\"article:modified_time\" content=\"2023-10-03T16:56:39+00:00\" \/>\n<meta property=\"og:image\" content=\"https:\/\/newsroom.ocfl.net\/wp-content\/uploads\/2023\/09\/OCFL090922-0166.jpg\" \/>\n\t<meta property=\"og:image:width\" content=\"1200\" \/>\n\t<meta property=\"og:image:height\" content=\"800\" \/>\n\t<meta property=\"og:image:type\" content=\"image\/jpeg\" \/>\n<meta name=\"author\" content=\"Sydney Tran\" \/>\n<meta name=\"twitter:card\" content=\"summary_large_image\" \/>\n<meta name=\"twitter:creator\" content=\"@OrangeCoFL\" \/>\n<meta name=\"twitter:site\" content=\"@OrangeCoFL\" \/>\n<meta name=\"twitter:label1\" content=\"Written by\" \/>\n\t<meta name=\"twitter:data1\" content=\"Sydney Tran\" \/>\n\t<meta name=\"twitter:label2\" content=\"Est. reading time\" \/>\n\t<meta name=\"twitter:data2\" content=\"2 minutes\" \/>\n<script type=\"application\/ld+json\" class=\"yoast-schema-graph\">{\"@context\":\"https:\\\/\\\/schema.org\",\"@graph\":[{\"@type\":\"Article\",\"@id\":\"https:\\\/\\\/newsroom.ocfl.net\\\/2023\\\/09\\\/september-2023-honoring-the-past-inspiring-the-future\\\/#article\",\"isPartOf\":{\"@id\":\"https:\\\/\\\/newsroom.ocfl.net\\\/2023\\\/09\\\/september-2023-honoring-the-past-inspiring-the-future\\\/\"},\"author\":{\"name\":\"Sydney Tran\",\"@id\":\"https:\\\/\\\/newsroom.ocfl.net\\\/#\\\/schema\\\/person\\\/4f533c2fbcad3a19bf733c75a70e7e36\"},\"headline\":\"The Demings Digest | September 2023 | Honoring the Past, Inspiring the Future\",\"datePublished\":\"2023-09-05T20:03:43+00:00\",\"dateModified\":\"2023-10-03T16:56:39+00:00\",\"mainEntityOfPage\":{\"@id\":\"https:\\\/\\\/newsroom.ocfl.net\\\/2023\\\/09\\\/september-2023-honoring-the-past-inspiring-the-future\\\/\"},\"wordCount\":280,\"publisher\":{\"@id\":\"https:\\\/\\\/newsroom.ocfl.net\\\/#organization\"},\"image\":{\"@id\":\"https:\\\/\\\/newsroom.ocfl.net\\\/2023\\\/09\\\/september-2023-honoring-the-past-inspiring-the-future\\\/#primaryimage\"},\"thumbnailUrl\":\"https:\\\/\\\/newsroom.ocfl.net\\\/wp-content\\\/uploads\\\/2023\\\/09\\\/OCFL090922-0166.jpg\",\"keywords\":[\"Mayor Demings\",\"Mayor's Letter\"],\"articleSection\":[\"Mayor\u2019s Letter\"],\"inLanguage\":\"en-US\"},{\"@type\":\"WebPage\",\"@id\":\"https:\\\/\\\/newsroom.ocfl.net\\\/2023\\\/09\\\/september-2023-honoring-the-past-inspiring-the-future\\\/\",\"url\":\"https:\\\/\\\/newsroom.ocfl.net\\\/2023\\\/09\\\/september-2023-honoring-the-past-inspiring-the-future\\\/\",\"name\":\"The Demings Digest | September 2023 | Honoring the Past, Inspiring the Future\",\"isPartOf\":{\"@id\":\"https:\\\/\\\/newsroom.ocfl.net\\\/#website\"},\"primaryImageOfPage\":{\"@id\":\"https:\\\/\\\/newsroom.ocfl.net\\\/2023\\\/09\\\/september-2023-honoring-the-past-inspiring-the-future\\\/#primaryimage\"},\"image\":{\"@id\":\"https:\\\/\\\/newsroom.ocfl.net\\\/2023\\\/09\\\/september-2023-honoring-the-past-inspiring-the-future\\\/#primaryimage\"},\"thumbnailUrl\":\"https:\\\/\\\/newsroom.ocfl.net\\\/wp-content\\\/uploads\\\/2023\\\/09\\\/OCFL090922-0166.jpg\",\"datePublished\":\"2023-09-05T20:03:43+00:00\",\"dateModified\":\"2023-10-03T16:56:39+00:00\",\"breadcrumb\":{\"@id\":\"https:\\\/\\\/newsroom.ocfl.net\\\/2023\\\/09\\\/september-2023-honoring-the-past-inspiring-the-future\\\/#breadcrumb\"},\"inLanguage\":\"en-US\",\"potentialAction\":[{\"@type\":\"ReadAction\",\"target\":[\"https:\\\/\\\/newsroom.ocfl.net\\\/2023\\\/09\\\/september-2023-honoring-the-past-inspiring-the-future\\\/\"]}]},{\"@type\":\"ImageObject\",\"inLanguage\":\"en-US\",\"@id\":\"https:\\\/\\\/newsroom.ocfl.net\\\/2023\\\/09\\\/september-2023-honoring-the-past-inspiring-the-future\\\/#primaryimage\",\"url\":\"https:\\\/\\\/newsroom.ocfl.net\\\/wp-content\\\/uploads\\\/2023\\\/09\\\/OCFL090922-0166.jpg\",\"contentUrl\":\"https:\\\/\\\/newsroom.ocfl.net\\\/wp-content\\\/uploads\\\/2023\\\/09\\\/OCFL090922-0166.jpg\",\"width\":1200,\"height\":800,\"caption\":\"Honor guard stands during the 2022 CFHLA Patriot Breakfast event.\"},{\"@type\":\"BreadcrumbList\",\"@id\":\"https:\\\/\\\/newsroom.ocfl.net\\\/2023\\\/09\\\/september-2023-honoring-the-past-inspiring-the-future\\\/#breadcrumb\",\"itemListElement\":[{\"@type\":\"ListItem\",\"position\":1,\"name\":\"Home\",\"item\":\"https:\\\/\\\/newsroom.ocfl.net\\\/\"},{\"@type\":\"ListItem\",\"position\":2,\"name\":\"The Demings Digest | September 2023 | Honoring the Past, Inspiring the Future\"}]},{\"@type\":\"WebSite\",\"@id\":\"https:\\\/\\\/newsroom.ocfl.net\\\/#website\",\"url\":\"https:\\\/\\\/newsroom.ocfl.net\\\/\",\"name\":\"OCFL Newsroom\",\"description\":\"Orange County, Florida | Government Newsroom\",\"publisher\":{\"@id\":\"https:\\\/\\\/newsroom.ocfl.net\\\/#organization\"},\"potentialAction\":[{\"@type\":\"SearchAction\",\"target\":{\"@type\":\"EntryPoint\",\"urlTemplate\":\"https:\\\/\\\/newsroom.ocfl.net\\\/?s={search_term_string}\"},\"query-input\":{\"@type\":\"PropertyValueSpecification\",\"valueRequired\":true,\"valueName\":\"search_term_string\"}}],\"inLanguage\":\"en-US\"},{\"@type\":\"Organization\",\"@id\":\"https:\\\/\\\/newsroom.ocfl.net\\\/#organization\",\"name\":\"Orange County Government Newsroom\",\"url\":\"https:\\\/\\\/newsroom.ocfl.net\\\/\",\"logo\":{\"@type\":\"ImageObject\",\"inLanguage\":\"en-US\",\"@id\":\"https:\\\/\\\/newsroom.ocfl.net\\\/#\\\/schema\\\/logo\\\/image\\\/\",\"url\":\"https:\\\/\\\/newsroom.ocfl.net\\\/wp-content\\\/uploads\\\/2017\\\/03\\\/NEWS-APP-DropShadow.png\",\"contentUrl\":\"https:\\\/\\\/newsroom.ocfl.net\\\/wp-content\\\/uploads\\\/2017\\\/03\\\/NEWS-APP-DropShadow.png\",\"width\":504,\"height\":504,\"caption\":\"Orange County Government Newsroom\"},\"image\":{\"@id\":\"https:\\\/\\\/newsroom.ocfl.net\\\/#\\\/schema\\\/logo\\\/image\\\/\"},\"sameAs\":[\"https:\\\/\\\/www.facebook.com\\\/OrangeCountyFlorida\\\/\",\"https:\\\/\\\/x.com\\\/OrangeCoFL\",\"https:\\\/\\\/www.instagram.com\\\/ocfl\\\/\",\"https:\\\/\\\/www.linkedin.com\\\/company\\\/orange-county-government\",\"https:\\\/\\\/www.youtube.com\\\/channel\\\/UCff6MZzeWNpXg6TCU3jdxbA\"]},{\"@type\":\"Person\",\"@id\":\"https:\\\/\\\/newsroom.ocfl.net\\\/#\\\/schema\\\/person\\\/4f533c2fbcad3a19bf733c75a70e7e36\",\"name\":\"Sydney Tran\"}]}<\/script>\n<!-- \/ Yoast SEO plugin. -->","yoast_head_json":{"title":"The Demings Digest | September 2023 | Honoring the Past, Inspiring the Future","robots":{"index":"index","follow":"follow","max-snippet":"max-snippet:-1","max-image-preview":"max-image-preview:large","max-video-preview":"max-video-preview:-1"},"canonical":"https:\/\/newsroom.ocfl.net\/2023\/09\/september-2023-honoring-the-past-inspiring-the-future\/","og_locale":"en_US","og_type":"article","og_title":"The Demings Digest | September 2023 | Honoring the Past, Inspiring the Future","og_description":"Greetings! September is here, and it is filled with exciting activities and events taking place in our beautiful region. Our recent brush with Hurricane Idalia last week is also an important reminder that we are nearing the peak of hurricane season. I encourage everyone to restock your emergency supply kits and review our safety and [&hellip;]","og_url":"https:\/\/newsroom.ocfl.net\/2023\/09\/september-2023-honoring-the-past-inspiring-the-future\/","og_site_name":"OCFL Newsroom","article_publisher":"https:\/\/www.facebook.com\/OrangeCountyFlorida\/","article_published_time":"2023-09-05T20:03:43+00:00","article_modified_time":"2023-10-03T16:56:39+00:00","og_image":[{"width":1200,"height":800,"url":"https:\/\/newsroom.ocfl.net\/wp-content\/uploads\/2023\/09\/OCFL090922-0166.jpg","type":"image\/jpeg"}],"author":"Sydney Tran","twitter_card":"summary_large_image","twitter_creator":"@OrangeCoFL","twitter_site":"@OrangeCoFL","twitter_misc":{"Written by":"Sydney Tran","Est. reading time":"2 minutes"},"schema":{"@context":"https:\/\/schema.org","@graph":[{"@type":"Article","@id":"https:\/\/newsroom.ocfl.net\/2023\/09\/september-2023-honoring-the-past-inspiring-the-future\/#article","isPartOf":{"@id":"https:\/\/newsroom.ocfl.net\/2023\/09\/september-2023-honoring-the-past-inspiring-the-future\/"},"author":{"name":"Sydney Tran","@id":"https:\/\/newsroom.ocfl.net\/#\/schema\/person\/4f533c2fbcad3a19bf733c75a70e7e36"},"headline":"The Demings Digest | September 2023 | Honoring the Past, Inspiring the Future","datePublished":"2023-09-05T20:03:43+00:00","dateModified":"2023-10-03T16:56:39+00:00","mainEntityOfPage":{"@id":"https:\/\/newsroom.ocfl.net\/2023\/09\/september-2023-honoring-the-past-inspiring-the-future\/"},"wordCount":280,"publisher":{"@id":"https:\/\/newsroom.ocfl.net\/#organization"},"image":{"@id":"https:\/\/newsroom.ocfl.net\/2023\/09\/september-2023-honoring-the-past-inspiring-the-future\/#primaryimage"},"thumbnailUrl":"https:\/\/newsroom.ocfl.net\/wp-content\/uploads\/2023\/09\/OCFL090922-0166.jpg","keywords":["Mayor Demings","Mayor's Letter"],"articleSection":["Mayor\u2019s Letter"],"inLanguage":"en-US"},{"@type":"WebPage","@id":"https:\/\/newsroom.ocfl.net\/2023\/09\/september-2023-honoring-the-past-inspiring-the-future\/","url":"https:\/\/newsroom.ocfl.net\/2023\/09\/september-2023-honoring-the-past-inspiring-the-future\/","name":"The Demings Digest | September 2023 | Honoring the Past, Inspiring the Future","isPartOf":{"@id":"https:\/\/newsroom.ocfl.net\/#website"},"primaryImageOfPage":{"@id":"https:\/\/newsroom.ocfl.net\/2023\/09\/september-2023-honoring-the-past-inspiring-the-future\/#primaryimage"},"image":{"@id":"https:\/\/newsroom.ocfl.net\/2023\/09\/september-2023-honoring-the-past-inspiring-the-future\/#primaryimage"},"thumbnailUrl":"https:\/\/newsroom.ocfl.net\/wp-content\/uploads\/2023\/09\/OCFL090922-0166.jpg","datePublished":"2023-09-05T20:03:43+00:00","dateModified":"2023-10-03T16:56:39+00:00","breadcrumb":{"@id":"https:\/\/newsroom.ocfl.net\/2023\/09\/september-2023-honoring-the-past-inspiring-the-future\/#breadcrumb"},"inLanguage":"en-US","potentialAction":[{"@type":"ReadAction","target":["https:\/\/newsroom.ocfl.net\/2023\/09\/september-2023-honoring-the-past-inspiring-the-future\/"]}]},{"@type":"ImageObject","inLanguage":"en-US","@id":"https:\/\/newsroom.ocfl.net\/2023\/09\/september-2023-honoring-the-past-inspiring-the-future\/#primaryimage","url":"https:\/\/newsroom.ocfl.net\/wp-content\/uploads\/2023\/09\/OCFL090922-0166.jpg","contentUrl":"https:\/\/newsroom.ocfl.net\/wp-content\/uploads\/2023\/09\/OCFL090922-0166.jpg","width":1200,"height":800,"caption":"Honor guard stands during the 2022 CFHLA Patriot Breakfast event."},{"@type":"BreadcrumbList","@id":"https:\/\/newsroom.ocfl.net\/2023\/09\/september-2023-honoring-the-past-inspiring-the-future\/#breadcrumb","itemListElement":[{"@type":"ListItem","position":1,"name":"Home","item":"https:\/\/newsroom.ocfl.net\/"},{"@type":"ListItem","position":2,"name":"The Demings Digest | September 2023 | Honoring the Past, Inspiring the Future"}]},{"@type":"WebSite","@id":"https:\/\/newsroom.ocfl.net\/#website","url":"https:\/\/newsroom.ocfl.net\/","name":"OCFL Newsroom","description":"Orange County, Florida | Government Newsroom","publisher":{"@id":"https:\/\/newsroom.ocfl.net\/#organization"},"potentialAction":[{"@type":"SearchAction","target":{"@type":"EntryPoint","urlTemplate":"https:\/\/newsroom.ocfl.net\/?s={search_term_string}"},"query-input":{"@type":"PropertyValueSpecification","valueRequired":true,"valueName":"search_term_string"}}],"inLanguage":"en-US"},{"@type":"Organization","@id":"https:\/\/newsroom.ocfl.net\/#organization","name":"Orange County Government Newsroom","url":"https:\/\/newsroom.ocfl.net\/","logo":{"@type":"ImageObject","inLanguage":"en-US","@id":"https:\/\/newsroom.ocfl.net\/#\/schema\/logo\/image\/","url":"https:\/\/newsroom.ocfl.net\/wp-content\/uploads\/2017\/03\/NEWS-APP-DropShadow.png","contentUrl":"https:\/\/newsroom.ocfl.net\/wp-content\/uploads\/2017\/03\/NEWS-APP-DropShadow.png","width":504,"height":504,"caption":"Orange County Government Newsroom"},"image":{"@id":"https:\/\/newsroom.ocfl.net\/#\/schema\/logo\/image\/"},"sameAs":["https:\/\/www.facebook.com\/OrangeCountyFlorida\/","https:\/\/x.com\/OrangeCoFL","https:\/\/www.instagram.com\/ocfl\/","https:\/\/www.linkedin.com\/company\/orange-county-government","https:\/\/www.youtube.com\/channel\/UCff6MZzeWNpXg6TCU3jdxbA"]},{"@type":"Person","@id":"https:\/\/newsroom.ocfl.net\/#\/schema\/person\/4f533c2fbcad3a19bf733c75a70e7e36","name":"Sydney Tran"}]}},"_links":{"self":[{"href":"https:\/\/newsroom.ocfl.net\/wp-json\/wp\/v2\/posts\/20070","targetHints":{"allow":["GET"]}}],"collection":[{"href":"https:\/\/newsroom.ocfl.net\/wp-json\/wp\/v2\/posts"}],"about":[{"href":"https:\/\/newsroom.ocfl.net\/wp-json\/wp\/v2\/types\/post"}],"author":[{"embeddable":true,"href":"https:\/\/newsroom.ocfl.net\/wp-json\/wp\/v2\/users\/27"}],"replies":[{"embeddable":true,"href":"https:\/\/newsroom.ocfl.net\/wp-json\/wp\/v2\/comments?post=20070"}],"version-history":[{"count":0,"href":"https:\/\/newsroom.ocfl.net\/wp-json\/wp\/v2\/posts\/20070\/revisions"}],"wp:featuredmedia":[{"embeddable":true,"href":"https:\/\/newsroom.ocfl.net\/wp-json\/wp\/v2\/media\/20073"}],"wp:attachment":[{"href":"https:\/\/newsroom.ocfl.net\/wp-json\/wp\/v2\/media?parent=20070"}],"wp:term":[{"taxonomy":"category","embeddable":true,"href":"https:\/\/newsroom.ocfl.net\/wp-json\/wp\/v2\/categories?post=20070"},{"taxonomy":"post_tag","embeddable":true,"href":"https:\/\/newsroom.ocfl.net\/wp-json\/wp\/v2\/tags?post=20070"}],"curies":[{"name":"wp","href":"https:\/\/api.w.org\/{rel}","templated":true}]}}