{"id":22161,"date":"2025-02-03T09:29:37","date_gmt":"2025-02-03T14:29:37","guid":{"rendered":"https:\/\/newsroom.ocfl.net\/?p=22161"},"modified":"2025-02-03T10:01:29","modified_gmt":"2025-02-03T15:01:29","slug":"demings-digest-february-2025","status":"publish","type":"post","link":"https:\/\/newsroom.ocfl.net\/2025\/02\/demings-digest-february-2025\/","title":{"rendered":"Demings Digest | February 2025"},"content":{"rendered":"<p><!-- mp_trans_remove_start -->Greetings,<\/p>\n<p>What an exciting start to the year! Here at the Orange County Administration Offices, we celebrated newly installed public artwork on display at our Sculpture on the Lawn exhibit and opened our doors to the public during our Open House and Job Fair event last week. In the coming months, there will be additional opportunities to get involved in some of the many initiatives, events and celebrations taking place across Orange County.<\/p>\n<p>In partnership with Habitat for Humanity, we have launched the first <a href=\"https:\/\/habitatorlando.org\/fec\/\" target=\"_blank\" rel=\"noopener noreferrer\">Financial Empowerment Center<\/a> in Florida, offering free, one-on-one financial counseling to all Orange County residents. This program provides the tools necessary to navigate financial challenges and achieve your unique financial goals. Learn more about this innovative collaboration inside this newsletter.<\/p>\n<p>Our <a href=\"https:\/\/www.ocfl.net\/CultureParks\/DrMartinLutherKingJrInitiative.aspx\" target=\"_blank\" rel=\"noopener noreferrer\">Dr. Martin Luther King Jr. Initiative<\/a> continues its mission of honoring Dr. King\u2019s legacy by fostering inclusiveness through year-round community outreach activities. Learn more about some of the special events planned during Black History Month by visiting the <a href=\"https:\/\/www.ocfl.net\/CultureParks\/DrMartinLutherKingJrInitiative\/Meetings.aspx\" target=\"_blank\" rel=\"noopener noreferrer\">event calendar<\/a>.<\/p>\n<p>I wish you all a successful month ahead!<\/p>\n<p>Sincerely,<\/p>\n<p>Jerry L. Demings<br \/>\nOrange County Mayor<\/p>\n<p><a href=\"https:\/\/www.ocfl.net\/Digest\" target=\"_blank\" rel=\"noopener\"><img loading=\"lazy\" decoding=\"async\" class=\"alignnone wp-image-20071\" title=\"Subscribe to the Demings\u2019 Digest Newsletter - opens in a new tab\" src=\"https:\/\/newsroom.ocfl.net\/wp-content\/uploads\/2023\/09\/Mayor_Demings_Digest_Footer_2022-1024x286.png\" alt=\"Orange County Mayor Jerry L. Demings\" width=\"500\" height=\"140\" srcset=\"https:\/\/newsroom.ocfl.net\/wp-content\/uploads\/2023\/09\/Mayor_Demings_Digest_Footer_2022-1024x286.png 1024w, https:\/\/newsroom.ocfl.net\/wp-content\/uploads\/2023\/09\/Mayor_Demings_Digest_Footer_2022-300x84.png 300w, https:\/\/newsroom.ocfl.net\/wp-content\/uploads\/2023\/09\/Mayor_Demings_Digest_Footer_2022-768x215.png 768w, https:\/\/newsroom.ocfl.net\/wp-content\/uploads\/2023\/09\/Mayor_Demings_Digest_Footer_2022-1536x429.png 1536w, https:\/\/newsroom.ocfl.net\/wp-content\/uploads\/2023\/09\/Mayor_Demings_Digest_Footer_2022-600x168.png 600w, https:\/\/newsroom.ocfl.net\/wp-content\/uploads\/2023\/09\/Mayor_Demings_Digest_Footer_2022-785x219.png 785w, https:\/\/newsroom.ocfl.net\/wp-content\/uploads\/2023\/09\/Mayor_Demings_Digest_Footer_2022.png 2000w\" sizes=\"auto, (max-width: 500px) 100vw, 500px\" \/><\/a><\/p>\n<p><a href=\"https:\/\/www.ocfl.net\/Digest\" target=\"_blank\" rel=\"noopener\" aria-label=\"Link opens in a new tab\">Subscribe to the Demings\u2019 Digest Newsletter<\/a><\/p>\n<p><!-- mp_trans_remove_end --><!-- mp_trans_disable_start --><!-- mp_trans_add\n\n\n<div class=\"spanish-div\">Saludos,<\/div>\n\n\n\n\n<div class=\"spanish-div\">\n\n\u00a1Qu\u00e9 emocionante comienzo de a\u00f1o! Aqu\u00ed en las Oficinas de Administraci\u00f3n del Condado de Orange, celebramos la instalaci\u00f3n de obras de arte p\u00fablicas reci\u00e9n instaladas en nuestra exposici\u00f3n Esculturas en el C\u00e9sped y abrimos nuestras puertas al p\u00fablico durante nuestro evento de puertas abiertas y feria de empleo la semana pasada. En los pr\u00f3ximos meses, habr\u00e1 oportunidades adicionales para participar en algunas de las muchas iniciativas, eventos y celebraciones que se llevar\u00e1n a cabo en todo el Condado de Orange.<\/div>\n\n\n\n\n<div class=\"spanish-div\">\n\nEn asociaci\u00f3n con Habitat for Humanity, hemos lanzado el primer <a href=\"https:\/\/habitatorlando.org\/fec\/\" target=\"_blank\">Centro de Empoderamiento Financiero<\/a> en Florida, que ofrece asesoramiento financiero personalizado y gratuito a todos los residentes del Condado de Orange. Este programa proporciona las herramientas necesarias para enfrentar los desaf\u00edos financieros y alcanzar sus metas financieras \u00fanicas. Obtenga m\u00e1s informaci\u00f3n sobre esta innovadora colaboraci\u00f3n en este bolet\u00edn.<\/div>\n\n\n\n\n<div class=\"spanish-div\">\n\nNuestra <a href=\"https:\/\/www.ocfl.net\/CultureParks\/DrMartinLutherKingJrInitiative.aspx\" target=\"_blank\">Iniciativa Dr. Martin Luther King Jr.<\/a> contin\u00faa su misi\u00f3n de honrar el legado del Dr. King fomentando la inclusi\u00f3n a trav\u00e9s de actividades de extensi\u00f3n comunitaria durante todo el a\u00f1o. Obtenga m\u00e1s informaci\u00f3n sobre algunos de los eventos especiales planificados durante el Mes de la Historia Negra visitando el <a href=\"https:\/\/www.ocfl.net\/CultureParks\/DrMartinLutherKingJrInitiative\/Meetings.aspx\" target=\"_blank\">calendario de eventos<\/a>.<\/div>\n\n\n\n\n<div class=\"spanish-div\">\n\n\u00a1Les deseo a todos un mes exitoso!<\/div>\n\n\n\n\n<div class=\"spanish-div\">\n\nAtentamente, <\/div>\n\n\n\n\n<div class=\"spanish-div\">\n\nJerry L. Demings<\/div>\n\n\n\n\n<div class=\"spanish-div\">\nAlcalde del Condado de Orange\n<\/div>\n\n\n<img loading=\"lazy\" decoding=\"async\" class=\"alignnone wp-image-20071\" title=\"Subscribe to the Demings\u2019 Digest Newsletter - opens in a new tab\" src=\"https:\/\/newsroom.ocfl.net\/wp-content\/uploads\/2023\/09\/Mayor_Demings_Digest_Footer_2022-1024x286.png\" alt=\"Orange County Mayor Jerry L. Demings\" width=\"500\" height=\"140\" srcset=\"https:\/\/newsroom.ocfl.net\/wp-content\/uploads\/2023\/09\/Mayor_Demings_Digest_Footer_2022-1024x286.png 1024w, https:\/\/newsroom.ocfl.net\/wp-content\/uploads\/2023\/09\/Mayor_Demings_Digest_Footer_2022-300x84.png 300w, https:\/\/newsroom.ocfl.net\/wp-content\/uploads\/2023\/09\/Mayor_Demings_Digest_Footer_2022-768x215.png 768w, https:\/\/newsroom.ocfl.net\/wp-content\/uploads\/2023\/09\/Mayor_Demings_Digest_Footer_2022-1536x429.png 1536w, https:\/\/newsroom.ocfl.net\/wp-content\/uploads\/2023\/09\/Mayor_Demings_Digest_Footer_2022-600x168.png 600w, https:\/\/newsroom.ocfl.net\/wp-content\/uploads\/2023\/09\/Mayor_Demings_Digest_Footer_2022-785x219.png 785w, https:\/\/newsroom.ocfl.net\/wp-content\/uploads\/2023\/09\/Mayor_Demings_Digest_Footer_2022.png 2000w\" sizes=\"auto, (max-width: 500px) 100vw, 500px\" \/>\n--><!-- mp_trans_disable_end --><\/p>\n","protected":false},"excerpt":{"rendered":"<p>Greetings, What an exciting start to the year! Here at the Orange County Administration Offices, we celebrated newly installed public artwork on display at our Sculpture on the Lawn exhibit and opened our doors to the public during our Open House and Job Fair event last week. In the coming months, there will be additional [&hellip;]<\/p>\n","protected":false},"author":31,"featured_media":22163,"comment_status":"closed","ping_status":"closed","sticky":false,"template":"","format":"standard","meta":{"_acf_changed":false,"footnotes":""},"categories":[1,695],"tags":[704],"class_list":["post-22161","post","type-post","status-publish","format-standard","has-post-thumbnail","hentry","category-business","category-mayor-letter","tag-demings-digest"],"acf":[],"yoast_head":"<!-- This site is optimized with the Yoast SEO plugin v27.5 - https:\/\/yoast.com\/product\/yoast-seo-wordpress\/ -->\n<title>Demings Digest | February 2025<\/title>\n<meta name=\"description\" content=\"In the February Demings Digest: We celebrated new public artwork on the lawn and hosted an Open House and Job Fair event.\" \/>\n<meta name=\"robots\" content=\"index, follow, max-snippet:-1, max-image-preview:large, max-video-preview:-1\" \/>\n<link rel=\"canonical\" href=\"https:\/\/newsroom.ocfl.net\/2025\/02\/demings-digest-february-2025\/\" \/>\n<meta property=\"og:locale\" content=\"en_US\" \/>\n<meta property=\"og:type\" content=\"article\" \/>\n<meta property=\"og:title\" content=\"Demings Digest | February 2025\" \/>\n<meta property=\"og:description\" content=\"In the February Demings Digest: We celebrated new public artwork on the lawn and hosted an Open House and Job Fair event.\" \/>\n<meta property=\"og:url\" content=\"https:\/\/newsroom.ocfl.net\/2025\/02\/demings-digest-february-2025\/\" \/>\n<meta property=\"og:site_name\" content=\"OCFL Newsroom\" \/>\n<meta property=\"article:publisher\" content=\"https:\/\/www.facebook.com\/OrangeCountyFlorida\/\" \/>\n<meta property=\"article:published_time\" content=\"2025-02-03T14:29:37+00:00\" \/>\n<meta property=\"article:modified_time\" content=\"2025-02-03T15:01:29+00:00\" \/>\n<meta property=\"og:image\" content=\"https:\/\/newsroom.ocfl.net\/wp-content\/uploads\/2025\/01\/OCFL2024-313-small-scaled.jpg\" \/>\n\t<meta property=\"og:image:width\" content=\"2560\" \/>\n\t<meta property=\"og:image:height\" content=\"1704\" \/>\n\t<meta property=\"og:image:type\" content=\"image\/jpeg\" \/>\n<meta name=\"author\" content=\"Chris Romero\" \/>\n<meta name=\"twitter:card\" content=\"summary_large_image\" \/>\n<meta name=\"twitter:creator\" content=\"@OrangeCoFL\" \/>\n<meta name=\"twitter:site\" content=\"@OrangeCoFL\" \/>\n<meta name=\"twitter:label1\" content=\"Written by\" \/>\n\t<meta name=\"twitter:data1\" content=\"Chris Romero\" \/>\n\t<meta name=\"twitter:label2\" content=\"Est. reading time\" \/>\n\t<meta name=\"twitter:data2\" content=\"2 minutes\" \/>\n<script type=\"application\/ld+json\" class=\"yoast-schema-graph\">{\"@context\":\"https:\\\/\\\/schema.org\",\"@graph\":[{\"@type\":\"Article\",\"@id\":\"https:\\\/\\\/newsroom.ocfl.net\\\/2025\\\/02\\\/demings-digest-february-2025\\\/#article\",\"isPartOf\":{\"@id\":\"https:\\\/\\\/newsroom.ocfl.net\\\/2025\\\/02\\\/demings-digest-february-2025\\\/\"},\"author\":{\"name\":\"Chris Romero\",\"@id\":\"https:\\\/\\\/newsroom.ocfl.net\\\/#\\\/schema\\\/person\\\/a48aae4d9682c49980e8bfb742c62e4a\"},\"headline\":\"Demings Digest | February 2025\",\"datePublished\":\"2025-02-03T14:29:37+00:00\",\"dateModified\":\"2025-02-03T15:01:29+00:00\",\"mainEntityOfPage\":{\"@id\":\"https:\\\/\\\/newsroom.ocfl.net\\\/2025\\\/02\\\/demings-digest-february-2025\\\/\"},\"wordCount\":190,\"publisher\":{\"@id\":\"https:\\\/\\\/newsroom.ocfl.net\\\/#organization\"},\"image\":{\"@id\":\"https:\\\/\\\/newsroom.ocfl.net\\\/2025\\\/02\\\/demings-digest-february-2025\\\/#primaryimage\"},\"thumbnailUrl\":\"https:\\\/\\\/newsroom.ocfl.net\\\/wp-content\\\/uploads\\\/2025\\\/01\\\/OCFL2024-313-small-scaled.jpg\",\"keywords\":[\"Demings Digest\"],\"articleSection\":[\"Business\",\"Mayor\u2019s Letter\"],\"inLanguage\":\"en-US\"},{\"@type\":\"WebPage\",\"@id\":\"https:\\\/\\\/newsroom.ocfl.net\\\/2025\\\/02\\\/demings-digest-february-2025\\\/\",\"url\":\"https:\\\/\\\/newsroom.ocfl.net\\\/2025\\\/02\\\/demings-digest-february-2025\\\/\",\"name\":\"Demings Digest | February 2025\",\"isPartOf\":{\"@id\":\"https:\\\/\\\/newsroom.ocfl.net\\\/#website\"},\"primaryImageOfPage\":{\"@id\":\"https:\\\/\\\/newsroom.ocfl.net\\\/2025\\\/02\\\/demings-digest-february-2025\\\/#primaryimage\"},\"image\":{\"@id\":\"https:\\\/\\\/newsroom.ocfl.net\\\/2025\\\/02\\\/demings-digest-february-2025\\\/#primaryimage\"},\"thumbnailUrl\":\"https:\\\/\\\/newsroom.ocfl.net\\\/wp-content\\\/uploads\\\/2025\\\/01\\\/OCFL2024-313-small-scaled.jpg\",\"datePublished\":\"2025-02-03T14:29:37+00:00\",\"dateModified\":\"2025-02-03T15:01:29+00:00\",\"description\":\"In the February Demings Digest: We celebrated new public artwork on the lawn and hosted an Open House and Job Fair event.\",\"breadcrumb\":{\"@id\":\"https:\\\/\\\/newsroom.ocfl.net\\\/2025\\\/02\\\/demings-digest-february-2025\\\/#breadcrumb\"},\"inLanguage\":\"en-US\",\"potentialAction\":[{\"@type\":\"ReadAction\",\"target\":[\"https:\\\/\\\/newsroom.ocfl.net\\\/2025\\\/02\\\/demings-digest-february-2025\\\/\"]}]},{\"@type\":\"ImageObject\",\"inLanguage\":\"en-US\",\"@id\":\"https:\\\/\\\/newsroom.ocfl.net\\\/2025\\\/02\\\/demings-digest-february-2025\\\/#primaryimage\",\"url\":\"https:\\\/\\\/newsroom.ocfl.net\\\/wp-content\\\/uploads\\\/2025\\\/01\\\/OCFL2024-313-small-scaled.jpg\",\"contentUrl\":\"https:\\\/\\\/newsroom.ocfl.net\\\/wp-content\\\/uploads\\\/2025\\\/01\\\/OCFL2024-313-small-scaled.jpg\",\"width\":2560,\"height\":1704},{\"@type\":\"BreadcrumbList\",\"@id\":\"https:\\\/\\\/newsroom.ocfl.net\\\/2025\\\/02\\\/demings-digest-february-2025\\\/#breadcrumb\",\"itemListElement\":[{\"@type\":\"ListItem\",\"position\":1,\"name\":\"Home\",\"item\":\"https:\\\/\\\/newsroom.ocfl.net\\\/\"},{\"@type\":\"ListItem\",\"position\":2,\"name\":\"Demings Digest | February 2025\"}]},{\"@type\":\"WebSite\",\"@id\":\"https:\\\/\\\/newsroom.ocfl.net\\\/#website\",\"url\":\"https:\\\/\\\/newsroom.ocfl.net\\\/\",\"name\":\"OCFL Newsroom\",\"description\":\"Orange County, Florida | Government Newsroom\",\"publisher\":{\"@id\":\"https:\\\/\\\/newsroom.ocfl.net\\\/#organization\"},\"potentialAction\":[{\"@type\":\"SearchAction\",\"target\":{\"@type\":\"EntryPoint\",\"urlTemplate\":\"https:\\\/\\\/newsroom.ocfl.net\\\/?s={search_term_string}\"},\"query-input\":{\"@type\":\"PropertyValueSpecification\",\"valueRequired\":true,\"valueName\":\"search_term_string\"}}],\"inLanguage\":\"en-US\"},{\"@type\":\"Organization\",\"@id\":\"https:\\\/\\\/newsroom.ocfl.net\\\/#organization\",\"name\":\"Orange County Government Newsroom\",\"url\":\"https:\\\/\\\/newsroom.ocfl.net\\\/\",\"logo\":{\"@type\":\"ImageObject\",\"inLanguage\":\"en-US\",\"@id\":\"https:\\\/\\\/newsroom.ocfl.net\\\/#\\\/schema\\\/logo\\\/image\\\/\",\"url\":\"https:\\\/\\\/newsroom.ocfl.net\\\/wp-content\\\/uploads\\\/2017\\\/03\\\/NEWS-APP-DropShadow.png\",\"contentUrl\":\"https:\\\/\\\/newsroom.ocfl.net\\\/wp-content\\\/uploads\\\/2017\\\/03\\\/NEWS-APP-DropShadow.png\",\"width\":504,\"height\":504,\"caption\":\"Orange County Government Newsroom\"},\"image\":{\"@id\":\"https:\\\/\\\/newsroom.ocfl.net\\\/#\\\/schema\\\/logo\\\/image\\\/\"},\"sameAs\":[\"https:\\\/\\\/www.facebook.com\\\/OrangeCountyFlorida\\\/\",\"https:\\\/\\\/x.com\\\/OrangeCoFL\",\"https:\\\/\\\/www.instagram.com\\\/ocfl\\\/\",\"https:\\\/\\\/www.linkedin.com\\\/company\\\/orange-county-government\",\"https:\\\/\\\/www.youtube.com\\\/channel\\\/UCff6MZzeWNpXg6TCU3jdxbA\"]},{\"@type\":\"Person\",\"@id\":\"https:\\\/\\\/newsroom.ocfl.net\\\/#\\\/schema\\\/person\\\/a48aae4d9682c49980e8bfb742c62e4a\",\"name\":\"Chris Romero\"}]}<\/script>\n<!-- \/ Yoast SEO plugin. -->","yoast_head_json":{"title":"Demings Digest | February 2025","description":"In the February Demings Digest: We celebrated new public artwork on the lawn and hosted an Open House and Job Fair event.","robots":{"index":"index","follow":"follow","max-snippet":"max-snippet:-1","max-image-preview":"max-image-preview:large","max-video-preview":"max-video-preview:-1"},"canonical":"https:\/\/newsroom.ocfl.net\/2025\/02\/demings-digest-february-2025\/","og_locale":"en_US","og_type":"article","og_title":"Demings Digest | February 2025","og_description":"In the February Demings Digest: We celebrated new public artwork on the lawn and hosted an Open House and Job Fair event.","og_url":"https:\/\/newsroom.ocfl.net\/2025\/02\/demings-digest-february-2025\/","og_site_name":"OCFL Newsroom","article_publisher":"https:\/\/www.facebook.com\/OrangeCountyFlorida\/","article_published_time":"2025-02-03T14:29:37+00:00","article_modified_time":"2025-02-03T15:01:29+00:00","og_image":[{"width":2560,"height":1704,"url":"https:\/\/newsroom.ocfl.net\/wp-content\/uploads\/2025\/01\/OCFL2024-313-small-scaled.jpg","type":"image\/jpeg"}],"author":"Chris Romero","twitter_card":"summary_large_image","twitter_creator":"@OrangeCoFL","twitter_site":"@OrangeCoFL","twitter_misc":{"Written by":"Chris Romero","Est. reading time":"2 minutes"},"schema":{"@context":"https:\/\/schema.org","@graph":[{"@type":"Article","@id":"https:\/\/newsroom.ocfl.net\/2025\/02\/demings-digest-february-2025\/#article","isPartOf":{"@id":"https:\/\/newsroom.ocfl.net\/2025\/02\/demings-digest-february-2025\/"},"author":{"name":"Chris Romero","@id":"https:\/\/newsroom.ocfl.net\/#\/schema\/person\/a48aae4d9682c49980e8bfb742c62e4a"},"headline":"Demings Digest | February 2025","datePublished":"2025-02-03T14:29:37+00:00","dateModified":"2025-02-03T15:01:29+00:00","mainEntityOfPage":{"@id":"https:\/\/newsroom.ocfl.net\/2025\/02\/demings-digest-february-2025\/"},"wordCount":190,"publisher":{"@id":"https:\/\/newsroom.ocfl.net\/#organization"},"image":{"@id":"https:\/\/newsroom.ocfl.net\/2025\/02\/demings-digest-february-2025\/#primaryimage"},"thumbnailUrl":"https:\/\/newsroom.ocfl.net\/wp-content\/uploads\/2025\/01\/OCFL2024-313-small-scaled.jpg","keywords":["Demings Digest"],"articleSection":["Business","Mayor\u2019s Letter"],"inLanguage":"en-US"},{"@type":"WebPage","@id":"https:\/\/newsroom.ocfl.net\/2025\/02\/demings-digest-february-2025\/","url":"https:\/\/newsroom.ocfl.net\/2025\/02\/demings-digest-february-2025\/","name":"Demings Digest | February 2025","isPartOf":{"@id":"https:\/\/newsroom.ocfl.net\/#website"},"primaryImageOfPage":{"@id":"https:\/\/newsroom.ocfl.net\/2025\/02\/demings-digest-february-2025\/#primaryimage"},"image":{"@id":"https:\/\/newsroom.ocfl.net\/2025\/02\/demings-digest-february-2025\/#primaryimage"},"thumbnailUrl":"https:\/\/newsroom.ocfl.net\/wp-content\/uploads\/2025\/01\/OCFL2024-313-small-scaled.jpg","datePublished":"2025-02-03T14:29:37+00:00","dateModified":"2025-02-03T15:01:29+00:00","description":"In the February Demings Digest: We celebrated new public artwork on the lawn and hosted an Open House and Job Fair event.","breadcrumb":{"@id":"https:\/\/newsroom.ocfl.net\/2025\/02\/demings-digest-february-2025\/#breadcrumb"},"inLanguage":"en-US","potentialAction":[{"@type":"ReadAction","target":["https:\/\/newsroom.ocfl.net\/2025\/02\/demings-digest-february-2025\/"]}]},{"@type":"ImageObject","inLanguage":"en-US","@id":"https:\/\/newsroom.ocfl.net\/2025\/02\/demings-digest-february-2025\/#primaryimage","url":"https:\/\/newsroom.ocfl.net\/wp-content\/uploads\/2025\/01\/OCFL2024-313-small-scaled.jpg","contentUrl":"https:\/\/newsroom.ocfl.net\/wp-content\/uploads\/2025\/01\/OCFL2024-313-small-scaled.jpg","width":2560,"height":1704},{"@type":"BreadcrumbList","@id":"https:\/\/newsroom.ocfl.net\/2025\/02\/demings-digest-february-2025\/#breadcrumb","itemListElement":[{"@type":"ListItem","position":1,"name":"Home","item":"https:\/\/newsroom.ocfl.net\/"},{"@type":"ListItem","position":2,"name":"Demings Digest | February 2025"}]},{"@type":"WebSite","@id":"https:\/\/newsroom.ocfl.net\/#website","url":"https:\/\/newsroom.ocfl.net\/","name":"OCFL Newsroom","description":"Orange County, Florida | Government Newsroom","publisher":{"@id":"https:\/\/newsroom.ocfl.net\/#organization"},"potentialAction":[{"@type":"SearchAction","target":{"@type":"EntryPoint","urlTemplate":"https:\/\/newsroom.ocfl.net\/?s={search_term_string}"},"query-input":{"@type":"PropertyValueSpecification","valueRequired":true,"valueName":"search_term_string"}}],"inLanguage":"en-US"},{"@type":"Organization","@id":"https:\/\/newsroom.ocfl.net\/#organization","name":"Orange County Government Newsroom","url":"https:\/\/newsroom.ocfl.net\/","logo":{"@type":"ImageObject","inLanguage":"en-US","@id":"https:\/\/newsroom.ocfl.net\/#\/schema\/logo\/image\/","url":"https:\/\/newsroom.ocfl.net\/wp-content\/uploads\/2017\/03\/NEWS-APP-DropShadow.png","contentUrl":"https:\/\/newsroom.ocfl.net\/wp-content\/uploads\/2017\/03\/NEWS-APP-DropShadow.png","width":504,"height":504,"caption":"Orange County Government Newsroom"},"image":{"@id":"https:\/\/newsroom.ocfl.net\/#\/schema\/logo\/image\/"},"sameAs":["https:\/\/www.facebook.com\/OrangeCountyFlorida\/","https:\/\/x.com\/OrangeCoFL","https:\/\/www.instagram.com\/ocfl\/","https:\/\/www.linkedin.com\/company\/orange-county-government","https:\/\/www.youtube.com\/channel\/UCff6MZzeWNpXg6TCU3jdxbA"]},{"@type":"Person","@id":"https:\/\/newsroom.ocfl.net\/#\/schema\/person\/a48aae4d9682c49980e8bfb742c62e4a","name":"Chris Romero"}]}},"_links":{"self":[{"href":"https:\/\/newsroom.ocfl.net\/wp-json\/wp\/v2\/posts\/22161","targetHints":{"allow":["GET"]}}],"collection":[{"href":"https:\/\/newsroom.ocfl.net\/wp-json\/wp\/v2\/posts"}],"about":[{"href":"https:\/\/newsroom.ocfl.net\/wp-json\/wp\/v2\/types\/post"}],"author":[{"embeddable":true,"href":"https:\/\/newsroom.ocfl.net\/wp-json\/wp\/v2\/users\/31"}],"replies":[{"embeddable":true,"href":"https:\/\/newsroom.ocfl.net\/wp-json\/wp\/v2\/comments?post=22161"}],"version-history":[{"count":5,"href":"https:\/\/newsroom.ocfl.net\/wp-json\/wp\/v2\/posts\/22161\/revisions"}],"predecessor-version":[{"id":22168,"href":"https:\/\/newsroom.ocfl.net\/wp-json\/wp\/v2\/posts\/22161\/revisions\/22168"}],"wp:featuredmedia":[{"embeddable":true,"href":"https:\/\/newsroom.ocfl.net\/wp-json\/wp\/v2\/media\/22163"}],"wp:attachment":[{"href":"https:\/\/newsroom.ocfl.net\/wp-json\/wp\/v2\/media?parent=22161"}],"wp:term":[{"taxonomy":"category","embeddable":true,"href":"https:\/\/newsroom.ocfl.net\/wp-json\/wp\/v2\/categories?post=22161"},{"taxonomy":"post_tag","embeddable":true,"href":"https:\/\/newsroom.ocfl.net\/wp-json\/wp\/v2\/tags?post=22161"}],"curies":[{"name":"wp","href":"https:\/\/api.w.org\/{rel}","templated":true}]}}