{"id":22273,"date":"2025-02-28T09:15:22","date_gmt":"2025-02-28T14:15:22","guid":{"rendered":"https:\/\/newsroom.ocfl.net\/?p=22273"},"modified":"2025-02-28T11:25:56","modified_gmt":"2025-02-28T16:25:56","slug":"the-demings-digest-march-2025","status":"publish","type":"post","link":"https:\/\/newsroom.ocfl.net\/2025\/02\/the-demings-digest-march-2025\/","title":{"rendered":"The Demings Digest | March 2025"},"content":{"rendered":"<p><!-- mp_trans_remove_start -->Greetings,<\/p>\n<p>What an exciting start to the year! From the return of the NFL Pro Bowl Games at Camping World Stadium to record-breaking crowds at Megacon Orlando inside the Orange County Convention Center, there&#8217;s always something happening here.<\/p>\n<p>As we move into warmer weather, it&#8217;s the perfect time to enjoy outdoor activities in Orange County. Our annual Mayor\u2019s Jazz in the Park returns to Cypress Grove Park in Orlando, and for gardening enthusiasts, the <a href=\"https:\/\/www.facebook.com\/share\/18QqtjEHZi\/\" target=\"_blank\" rel=\"noopener noreferrer\">UF\/IFAS Garden Festival and Plant Sale<\/a> offers a chance to explore sustainable gardening this weekend.<\/p>\n<p>This month, we also recognize the female trailblazers and business leaders who have made a difference around the globe and here in Orange County during Women\u2019s History Month. Join us for our third annual <a href=\"https:\/\/lp.constantcontactpages.com\/ev\/reg\/pbupfef\/lp\/272c8016-e17b-41a5-a131-44dcf224306c\" target=\"_blank\" rel=\"noopener noreferrer\">Women\u2019s History Month Forum<\/a> as we highlight the powerful ways women are breaking barriers and shaping industries, while also addressing the vital importance of mental and physical well-being.<\/p>\n<p>Lastly, I invite you to join the <a href=\"https:\/\/www.ocfl.net\/FamiliesHealthSocialSvcs\/VeteransServices\/VeteransAdvisoryCouncil.aspx\" target=\"_blank\" rel=\"noopener noreferrer\">Orange County Mayor\u2019s Veterans Advisory Council<\/a> as we honor our local Vietnam War veterans and their spouses with a special pinning ceremony on National Vietnam War Veterans Day.<\/p>\n<p>I wish you all the very best.<\/p>\n<p>Sincerely,<\/p>\n<p>Jerry L. Demings<br \/>\nOrange County Mayor<\/p>\n<p><a href=\"https:\/\/www.ocfl.net\/Digest\" target=\"_blank\" rel=\"noopener\"><img loading=\"lazy\" decoding=\"async\" class=\"alignnone wp-image-20071\" title=\"Subscribe to the Demings\u2019 Digest Newsletter - opens in a new tab\" src=\"https:\/\/newsroom.ocfl.net\/wp-content\/uploads\/2023\/09\/Mayor_Demings_Digest_Footer_2022-1024x286.png\" alt=\"Orange County Mayor Jerry L. Demings\" width=\"500\" height=\"140\" srcset=\"https:\/\/newsroom.ocfl.net\/wp-content\/uploads\/2023\/09\/Mayor_Demings_Digest_Footer_2022-1024x286.png 1024w, https:\/\/newsroom.ocfl.net\/wp-content\/uploads\/2023\/09\/Mayor_Demings_Digest_Footer_2022-300x84.png 300w, https:\/\/newsroom.ocfl.net\/wp-content\/uploads\/2023\/09\/Mayor_Demings_Digest_Footer_2022-768x215.png 768w, https:\/\/newsroom.ocfl.net\/wp-content\/uploads\/2023\/09\/Mayor_Demings_Digest_Footer_2022-1536x429.png 1536w, https:\/\/newsroom.ocfl.net\/wp-content\/uploads\/2023\/09\/Mayor_Demings_Digest_Footer_2022-600x168.png 600w, https:\/\/newsroom.ocfl.net\/wp-content\/uploads\/2023\/09\/Mayor_Demings_Digest_Footer_2022-785x219.png 785w, https:\/\/newsroom.ocfl.net\/wp-content\/uploads\/2023\/09\/Mayor_Demings_Digest_Footer_2022.png 2000w\" sizes=\"auto, (max-width: 500px) 100vw, 500px\" \/><\/a><\/p>\n<p><a href=\"https:\/\/www.ocfl.net\/Digest\" target=\"_blank\" rel=\"noopener\" aria-label=\"Link opens in a new tab\">Subscribe to the Demings\u2019 Digest Newsletter<\/a><\/p>\n<p><!-- mp_trans_remove_end --><!-- mp_trans_disable_start --><!-- mp_trans_add\n\n\n<div class=\"spanish-div\">Saludos cordiales,<\/div>\n\n\n\n\n<div class=\"spanish-div\">\n\n\u00a1Qu\u00e9 comienzo de a\u00f1o tan emocionante! Desde el regreso de los juegos Pro Bowl de la NFL en el Camping World Stadium hasta las multitudes r\u00e9cord en MegaCon Orlando en el Centro de Convenciones del Condado de Orange, siempre hay algo sucediendo en nuestro patio.<\/div>\n\n\n\n\n<div class=\"spanish-div\">\n\nA medida que comenzamos la transici\u00f3n hacia un clima m\u00e1s c\u00e1lido, es el momento perfecto para disfrutar de actividades al aire libre en el condado de Orange. Nuestro evento anual Mayor\u2019s Jazz in the Park regresa al parque Cypress Grove en Orlando, y para los entusiastas de la jardiner\u00eda, <a href=\"https:\/\/www.facebook.com\/share\/18QqtjEHZi\/\" target=\"_blank\" rel=\"noopener noreferrer\">Festival de Jardines y Venta de Plantas de UF\/IFAS<\/a> ofrece la oportunidad de explorar la jardiner\u00eda sustentable.<\/div>\n\n\n\n\n<div class=\"spanish-div\">\n\nEste mes, tambi\u00e9n reconocemos a las mujeres pioneras y l\u00edderes empresariales que han marcado la diferencia en todo el mundo y aqu\u00ed en el condado de Orange durante el Mes de la Historia de la Mujer. \u00danase a nosotros en nuestro tercer <a href=\"https:\/\/lp.constantcontactpages.com\/ev\/reg\/pbupfef\/lp\/272c8016-e17b-41a5-a131-44dcf224306c\" target=\"_blank\" rel=\"noopener noreferrer\">Foro anual del Mes de la Historia de la Mujer<\/a> en el que destacamos las poderosas formas en que las mujeres est\u00e1n rompiendo barreras y dando forma a las industrias, al mismo tiempo que abordamos la importancia vital del bienestar mental y f\u00edsico.<\/div>\n\n\n\n\n<div class=\"spanish-div\">\n\nPor \u00faltimo, los invito a unirse al <a href=\"https:\/\/www.ocfl.net\/FamiliesHealthSocialSvcs\/VeteransServices\/VeteransAdvisoryCouncil.aspx\" target=\"_blank\" rel=\"noopener noreferrer\">Consejo Asesor de Veteranos del Alcalde del Condado de Orange<\/a> mientras honramos a nuestros veteranos locales de la Guerra de Vietnam y sus c\u00f3nyuges con una ceremonia especial de entrega de insignias en el D\u00eda Nacional de los Veteranos de la Guerra de Vietnam.<\/div>\n\n\n\n\n<div class=\"spanish-div\">\n\nLes deseo a todos lo mejor,<\/div>\n\n\n\n\n<div class=\"spanish-div\">\n\nCordialmente, <\/div>\n\n\n\n\n<div class=\"spanish-div\">\n\nJerry L. Demings<\/div>\n\n\n\n\n<div class=\"spanish-div\">\nAlcalde del Condado de Orange<\/div>\n\n\n<img loading=\"lazy\" decoding=\"async\" class=\"alignnone wp-image-20071\" title=\"Subscribe to the Demings\u2019 Digest Newsletter - opens in a new tab\" src=\"https:\/\/newsroom.ocfl.net\/wp-content\/uploads\/2023\/09\/Mayor_Demings_Digest_Footer_2022-1024x286.png\" alt=\"Orange County Mayor Jerry L. Demings\" width=\"500\" height=\"140\" srcset=\"https:\/\/newsroom.ocfl.net\/wp-content\/uploads\/2023\/09\/Mayor_Demings_Digest_Footer_2022-1024x286.png 1024w, https:\/\/newsroom.ocfl.net\/wp-content\/uploads\/2023\/09\/Mayor_Demings_Digest_Footer_2022-300x84.png 300w, https:\/\/newsroom.ocfl.net\/wp-content\/uploads\/2023\/09\/Mayor_Demings_Digest_Footer_2022-768x215.png 768w, https:\/\/newsroom.ocfl.net\/wp-content\/uploads\/2023\/09\/Mayor_Demings_Digest_Footer_2022-1536x429.png 1536w, https:\/\/newsroom.ocfl.net\/wp-content\/uploads\/2023\/09\/Mayor_Demings_Digest_Footer_2022-600x168.png 600w, https:\/\/newsroom.ocfl.net\/wp-content\/uploads\/2023\/09\/Mayor_Demings_Digest_Footer_2022-785x219.png 785w, https:\/\/newsroom.ocfl.net\/wp-content\/uploads\/2023\/09\/Mayor_Demings_Digest_Footer_2022.png 2000w\" sizes=\"auto, (max-width: 500px) 100vw, 500px\" \/>\n--><!-- mp_trans_disable_end --><\/p>\n","protected":false},"excerpt":{"rendered":"<p>Greetings, What an exciting start to the year! From the return of the NFL Pro Bowl Games at Camping World Stadium to record-breaking crowds at Megacon Orlando inside the Orange County Convention Center, there&#8217;s always something happening here. As we move into warmer weather, it&#8217;s the perfect time to enjoy outdoor activities in Orange County. [&hellip;]<\/p>\n","protected":false},"author":31,"featured_media":22278,"comment_status":"closed","ping_status":"closed","sticky":false,"template":"","format":"standard","meta":{"_acf_changed":false,"footnotes":""},"categories":[695],"tags":[704],"class_list":["post-22273","post","type-post","status-publish","format-standard","has-post-thumbnail","hentry","category-mayor-letter","tag-demings-digest"],"acf":[],"yoast_head":"<!-- This site is optimized with the Yoast SEO plugin v27.4 - https:\/\/yoast.com\/product\/yoast-seo-wordpress\/ -->\n<title>The Demings Digest | March 2025<\/title>\n<meta name=\"robots\" content=\"index, follow, max-snippet:-1, max-image-preview:large, max-video-preview:-1\" \/>\n<link rel=\"canonical\" href=\"https:\/\/newsroom.ocfl.net\/2025\/02\/the-demings-digest-march-2025\/\" \/>\n<meta property=\"og:locale\" content=\"en_US\" \/>\n<meta property=\"og:type\" content=\"article\" \/>\n<meta property=\"og:title\" content=\"The Demings Digest | March 2025\" \/>\n<meta property=\"og:description\" content=\"Greetings, What an exciting start to the year! From the return of the NFL Pro Bowl Games at Camping World Stadium to record-breaking crowds at Megacon Orlando inside the Orange County Convention Center, there&#8217;s always something happening here. As we move into warmer weather, it&#8217;s the perfect time to enjoy outdoor activities in Orange County. [&hellip;]\" \/>\n<meta property=\"og:url\" content=\"https:\/\/newsroom.ocfl.net\/2025\/02\/the-demings-digest-march-2025\/\" \/>\n<meta property=\"og:site_name\" content=\"OCFL Newsroom\" \/>\n<meta property=\"article:publisher\" content=\"https:\/\/www.facebook.com\/OrangeCountyFlorida\/\" \/>\n<meta property=\"article:published_time\" content=\"2025-02-28T14:15:22+00:00\" \/>\n<meta property=\"article:modified_time\" content=\"2025-02-28T16:25:56+00:00\" \/>\n<meta property=\"og:image\" content=\"https:\/\/newsroom.ocfl.net\/wp-content\/uploads\/2025\/02\/Mayor_s-Open-House-and-Job-Fair-80-scaled.jpg\" \/>\n\t<meta property=\"og:image:width\" content=\"2560\" \/>\n\t<meta property=\"og:image:height\" content=\"1708\" \/>\n\t<meta property=\"og:image:type\" content=\"image\/jpeg\" \/>\n<meta name=\"author\" content=\"Chris Romero\" \/>\n<meta name=\"twitter:card\" content=\"summary_large_image\" \/>\n<meta name=\"twitter:creator\" content=\"@OrangeCoFL\" \/>\n<meta name=\"twitter:site\" content=\"@OrangeCoFL\" \/>\n<meta name=\"twitter:label1\" content=\"Written by\" \/>\n\t<meta name=\"twitter:data1\" content=\"Chris Romero\" \/>\n\t<meta name=\"twitter:label2\" content=\"Est. reading time\" \/>\n\t<meta name=\"twitter:data2\" content=\"2 minutes\" \/>\n<script type=\"application\/ld+json\" class=\"yoast-schema-graph\">{\"@context\":\"https:\\\/\\\/schema.org\",\"@graph\":[{\"@type\":\"Article\",\"@id\":\"https:\\\/\\\/newsroom.ocfl.net\\\/2025\\\/02\\\/the-demings-digest-march-2025\\\/#article\",\"isPartOf\":{\"@id\":\"https:\\\/\\\/newsroom.ocfl.net\\\/2025\\\/02\\\/the-demings-digest-march-2025\\\/\"},\"author\":{\"name\":\"Chris Romero\",\"@id\":\"https:\\\/\\\/newsroom.ocfl.net\\\/#\\\/schema\\\/person\\\/a48aae4d9682c49980e8bfb742c62e4a\"},\"headline\":\"The Demings Digest | March 2025\",\"datePublished\":\"2025-02-28T14:15:22+00:00\",\"dateModified\":\"2025-02-28T16:25:56+00:00\",\"mainEntityOfPage\":{\"@id\":\"https:\\\/\\\/newsroom.ocfl.net\\\/2025\\\/02\\\/the-demings-digest-march-2025\\\/\"},\"wordCount\":215,\"publisher\":{\"@id\":\"https:\\\/\\\/newsroom.ocfl.net\\\/#organization\"},\"image\":{\"@id\":\"https:\\\/\\\/newsroom.ocfl.net\\\/2025\\\/02\\\/the-demings-digest-march-2025\\\/#primaryimage\"},\"thumbnailUrl\":\"https:\\\/\\\/newsroom.ocfl.net\\\/wp-content\\\/uploads\\\/2025\\\/02\\\/Mayor_s-Open-House-and-Job-Fair-80-scaled.jpg\",\"keywords\":[\"Demings Digest\"],\"articleSection\":[\"Mayor\u2019s Letter\"],\"inLanguage\":\"en-US\"},{\"@type\":\"WebPage\",\"@id\":\"https:\\\/\\\/newsroom.ocfl.net\\\/2025\\\/02\\\/the-demings-digest-march-2025\\\/\",\"url\":\"https:\\\/\\\/newsroom.ocfl.net\\\/2025\\\/02\\\/the-demings-digest-march-2025\\\/\",\"name\":\"The Demings Digest | March 2025\",\"isPartOf\":{\"@id\":\"https:\\\/\\\/newsroom.ocfl.net\\\/#website\"},\"primaryImageOfPage\":{\"@id\":\"https:\\\/\\\/newsroom.ocfl.net\\\/2025\\\/02\\\/the-demings-digest-march-2025\\\/#primaryimage\"},\"image\":{\"@id\":\"https:\\\/\\\/newsroom.ocfl.net\\\/2025\\\/02\\\/the-demings-digest-march-2025\\\/#primaryimage\"},\"thumbnailUrl\":\"https:\\\/\\\/newsroom.ocfl.net\\\/wp-content\\\/uploads\\\/2025\\\/02\\\/Mayor_s-Open-House-and-Job-Fair-80-scaled.jpg\",\"datePublished\":\"2025-02-28T14:15:22+00:00\",\"dateModified\":\"2025-02-28T16:25:56+00:00\",\"breadcrumb\":{\"@id\":\"https:\\\/\\\/newsroom.ocfl.net\\\/2025\\\/02\\\/the-demings-digest-march-2025\\\/#breadcrumb\"},\"inLanguage\":\"en-US\",\"potentialAction\":[{\"@type\":\"ReadAction\",\"target\":[\"https:\\\/\\\/newsroom.ocfl.net\\\/2025\\\/02\\\/the-demings-digest-march-2025\\\/\"]}]},{\"@type\":\"ImageObject\",\"inLanguage\":\"en-US\",\"@id\":\"https:\\\/\\\/newsroom.ocfl.net\\\/2025\\\/02\\\/the-demings-digest-march-2025\\\/#primaryimage\",\"url\":\"https:\\\/\\\/newsroom.ocfl.net\\\/wp-content\\\/uploads\\\/2025\\\/02\\\/Mayor_s-Open-House-and-Job-Fair-80-scaled.jpg\",\"contentUrl\":\"https:\\\/\\\/newsroom.ocfl.net\\\/wp-content\\\/uploads\\\/2025\\\/02\\\/Mayor_s-Open-House-and-Job-Fair-80-scaled.jpg\",\"width\":2560,\"height\":1708},{\"@type\":\"BreadcrumbList\",\"@id\":\"https:\\\/\\\/newsroom.ocfl.net\\\/2025\\\/02\\\/the-demings-digest-march-2025\\\/#breadcrumb\",\"itemListElement\":[{\"@type\":\"ListItem\",\"position\":1,\"name\":\"Home\",\"item\":\"https:\\\/\\\/newsroom.ocfl.net\\\/\"},{\"@type\":\"ListItem\",\"position\":2,\"name\":\"The Demings Digest | March 2025\"}]},{\"@type\":\"WebSite\",\"@id\":\"https:\\\/\\\/newsroom.ocfl.net\\\/#website\",\"url\":\"https:\\\/\\\/newsroom.ocfl.net\\\/\",\"name\":\"OCFL Newsroom\",\"description\":\"Orange County, Florida | Government Newsroom\",\"publisher\":{\"@id\":\"https:\\\/\\\/newsroom.ocfl.net\\\/#organization\"},\"potentialAction\":[{\"@type\":\"SearchAction\",\"target\":{\"@type\":\"EntryPoint\",\"urlTemplate\":\"https:\\\/\\\/newsroom.ocfl.net\\\/?s={search_term_string}\"},\"query-input\":{\"@type\":\"PropertyValueSpecification\",\"valueRequired\":true,\"valueName\":\"search_term_string\"}}],\"inLanguage\":\"en-US\"},{\"@type\":\"Organization\",\"@id\":\"https:\\\/\\\/newsroom.ocfl.net\\\/#organization\",\"name\":\"Orange County Government Newsroom\",\"url\":\"https:\\\/\\\/newsroom.ocfl.net\\\/\",\"logo\":{\"@type\":\"ImageObject\",\"inLanguage\":\"en-US\",\"@id\":\"https:\\\/\\\/newsroom.ocfl.net\\\/#\\\/schema\\\/logo\\\/image\\\/\",\"url\":\"https:\\\/\\\/newsroom.ocfl.net\\\/wp-content\\\/uploads\\\/2017\\\/03\\\/NEWS-APP-DropShadow.png\",\"contentUrl\":\"https:\\\/\\\/newsroom.ocfl.net\\\/wp-content\\\/uploads\\\/2017\\\/03\\\/NEWS-APP-DropShadow.png\",\"width\":504,\"height\":504,\"caption\":\"Orange County Government Newsroom\"},\"image\":{\"@id\":\"https:\\\/\\\/newsroom.ocfl.net\\\/#\\\/schema\\\/logo\\\/image\\\/\"},\"sameAs\":[\"https:\\\/\\\/www.facebook.com\\\/OrangeCountyFlorida\\\/\",\"https:\\\/\\\/x.com\\\/OrangeCoFL\",\"https:\\\/\\\/www.instagram.com\\\/ocfl\\\/\",\"https:\\\/\\\/www.linkedin.com\\\/company\\\/orange-county-government\",\"https:\\\/\\\/www.youtube.com\\\/channel\\\/UCff6MZzeWNpXg6TCU3jdxbA\"]},{\"@type\":\"Person\",\"@id\":\"https:\\\/\\\/newsroom.ocfl.net\\\/#\\\/schema\\\/person\\\/a48aae4d9682c49980e8bfb742c62e4a\",\"name\":\"Chris Romero\"}]}<\/script>\n<!-- \/ Yoast SEO plugin. -->","yoast_head_json":{"title":"The Demings Digest | March 2025","robots":{"index":"index","follow":"follow","max-snippet":"max-snippet:-1","max-image-preview":"max-image-preview:large","max-video-preview":"max-video-preview:-1"},"canonical":"https:\/\/newsroom.ocfl.net\/2025\/02\/the-demings-digest-march-2025\/","og_locale":"en_US","og_type":"article","og_title":"The Demings Digest | March 2025","og_description":"Greetings, What an exciting start to the year! From the return of the NFL Pro Bowl Games at Camping World Stadium to record-breaking crowds at Megacon Orlando inside the Orange County Convention Center, there&#8217;s always something happening here. As we move into warmer weather, it&#8217;s the perfect time to enjoy outdoor activities in Orange County. [&hellip;]","og_url":"https:\/\/newsroom.ocfl.net\/2025\/02\/the-demings-digest-march-2025\/","og_site_name":"OCFL Newsroom","article_publisher":"https:\/\/www.facebook.com\/OrangeCountyFlorida\/","article_published_time":"2025-02-28T14:15:22+00:00","article_modified_time":"2025-02-28T16:25:56+00:00","og_image":[{"width":2560,"height":1708,"url":"https:\/\/newsroom.ocfl.net\/wp-content\/uploads\/2025\/02\/Mayor_s-Open-House-and-Job-Fair-80-scaled.jpg","type":"image\/jpeg"}],"author":"Chris Romero","twitter_card":"summary_large_image","twitter_creator":"@OrangeCoFL","twitter_site":"@OrangeCoFL","twitter_misc":{"Written by":"Chris Romero","Est. reading time":"2 minutes"},"schema":{"@context":"https:\/\/schema.org","@graph":[{"@type":"Article","@id":"https:\/\/newsroom.ocfl.net\/2025\/02\/the-demings-digest-march-2025\/#article","isPartOf":{"@id":"https:\/\/newsroom.ocfl.net\/2025\/02\/the-demings-digest-march-2025\/"},"author":{"name":"Chris Romero","@id":"https:\/\/newsroom.ocfl.net\/#\/schema\/person\/a48aae4d9682c49980e8bfb742c62e4a"},"headline":"The Demings Digest | March 2025","datePublished":"2025-02-28T14:15:22+00:00","dateModified":"2025-02-28T16:25:56+00:00","mainEntityOfPage":{"@id":"https:\/\/newsroom.ocfl.net\/2025\/02\/the-demings-digest-march-2025\/"},"wordCount":215,"publisher":{"@id":"https:\/\/newsroom.ocfl.net\/#organization"},"image":{"@id":"https:\/\/newsroom.ocfl.net\/2025\/02\/the-demings-digest-march-2025\/#primaryimage"},"thumbnailUrl":"https:\/\/newsroom.ocfl.net\/wp-content\/uploads\/2025\/02\/Mayor_s-Open-House-and-Job-Fair-80-scaled.jpg","keywords":["Demings Digest"],"articleSection":["Mayor\u2019s Letter"],"inLanguage":"en-US"},{"@type":"WebPage","@id":"https:\/\/newsroom.ocfl.net\/2025\/02\/the-demings-digest-march-2025\/","url":"https:\/\/newsroom.ocfl.net\/2025\/02\/the-demings-digest-march-2025\/","name":"The Demings Digest | March 2025","isPartOf":{"@id":"https:\/\/newsroom.ocfl.net\/#website"},"primaryImageOfPage":{"@id":"https:\/\/newsroom.ocfl.net\/2025\/02\/the-demings-digest-march-2025\/#primaryimage"},"image":{"@id":"https:\/\/newsroom.ocfl.net\/2025\/02\/the-demings-digest-march-2025\/#primaryimage"},"thumbnailUrl":"https:\/\/newsroom.ocfl.net\/wp-content\/uploads\/2025\/02\/Mayor_s-Open-House-and-Job-Fair-80-scaled.jpg","datePublished":"2025-02-28T14:15:22+00:00","dateModified":"2025-02-28T16:25:56+00:00","breadcrumb":{"@id":"https:\/\/newsroom.ocfl.net\/2025\/02\/the-demings-digest-march-2025\/#breadcrumb"},"inLanguage":"en-US","potentialAction":[{"@type":"ReadAction","target":["https:\/\/newsroom.ocfl.net\/2025\/02\/the-demings-digest-march-2025\/"]}]},{"@type":"ImageObject","inLanguage":"en-US","@id":"https:\/\/newsroom.ocfl.net\/2025\/02\/the-demings-digest-march-2025\/#primaryimage","url":"https:\/\/newsroom.ocfl.net\/wp-content\/uploads\/2025\/02\/Mayor_s-Open-House-and-Job-Fair-80-scaled.jpg","contentUrl":"https:\/\/newsroom.ocfl.net\/wp-content\/uploads\/2025\/02\/Mayor_s-Open-House-and-Job-Fair-80-scaled.jpg","width":2560,"height":1708},{"@type":"BreadcrumbList","@id":"https:\/\/newsroom.ocfl.net\/2025\/02\/the-demings-digest-march-2025\/#breadcrumb","itemListElement":[{"@type":"ListItem","position":1,"name":"Home","item":"https:\/\/newsroom.ocfl.net\/"},{"@type":"ListItem","position":2,"name":"The Demings Digest | March 2025"}]},{"@type":"WebSite","@id":"https:\/\/newsroom.ocfl.net\/#website","url":"https:\/\/newsroom.ocfl.net\/","name":"OCFL Newsroom","description":"Orange County, Florida | Government Newsroom","publisher":{"@id":"https:\/\/newsroom.ocfl.net\/#organization"},"potentialAction":[{"@type":"SearchAction","target":{"@type":"EntryPoint","urlTemplate":"https:\/\/newsroom.ocfl.net\/?s={search_term_string}"},"query-input":{"@type":"PropertyValueSpecification","valueRequired":true,"valueName":"search_term_string"}}],"inLanguage":"en-US"},{"@type":"Organization","@id":"https:\/\/newsroom.ocfl.net\/#organization","name":"Orange County Government Newsroom","url":"https:\/\/newsroom.ocfl.net\/","logo":{"@type":"ImageObject","inLanguage":"en-US","@id":"https:\/\/newsroom.ocfl.net\/#\/schema\/logo\/image\/","url":"https:\/\/newsroom.ocfl.net\/wp-content\/uploads\/2017\/03\/NEWS-APP-DropShadow.png","contentUrl":"https:\/\/newsroom.ocfl.net\/wp-content\/uploads\/2017\/03\/NEWS-APP-DropShadow.png","width":504,"height":504,"caption":"Orange County Government Newsroom"},"image":{"@id":"https:\/\/newsroom.ocfl.net\/#\/schema\/logo\/image\/"},"sameAs":["https:\/\/www.facebook.com\/OrangeCountyFlorida\/","https:\/\/x.com\/OrangeCoFL","https:\/\/www.instagram.com\/ocfl\/","https:\/\/www.linkedin.com\/company\/orange-county-government","https:\/\/www.youtube.com\/channel\/UCff6MZzeWNpXg6TCU3jdxbA"]},{"@type":"Person","@id":"https:\/\/newsroom.ocfl.net\/#\/schema\/person\/a48aae4d9682c49980e8bfb742c62e4a","name":"Chris Romero"}]}},"_links":{"self":[{"href":"https:\/\/newsroom.ocfl.net\/wp-json\/wp\/v2\/posts\/22273","targetHints":{"allow":["GET"]}}],"collection":[{"href":"https:\/\/newsroom.ocfl.net\/wp-json\/wp\/v2\/posts"}],"about":[{"href":"https:\/\/newsroom.ocfl.net\/wp-json\/wp\/v2\/types\/post"}],"author":[{"embeddable":true,"href":"https:\/\/newsroom.ocfl.net\/wp-json\/wp\/v2\/users\/31"}],"replies":[{"embeddable":true,"href":"https:\/\/newsroom.ocfl.net\/wp-json\/wp\/v2\/comments?post=22273"}],"version-history":[{"count":6,"href":"https:\/\/newsroom.ocfl.net\/wp-json\/wp\/v2\/posts\/22273\/revisions"}],"predecessor-version":[{"id":22284,"href":"https:\/\/newsroom.ocfl.net\/wp-json\/wp\/v2\/posts\/22273\/revisions\/22284"}],"wp:featuredmedia":[{"embeddable":true,"href":"https:\/\/newsroom.ocfl.net\/wp-json\/wp\/v2\/media\/22278"}],"wp:attachment":[{"href":"https:\/\/newsroom.ocfl.net\/wp-json\/wp\/v2\/media?parent=22273"}],"wp:term":[{"taxonomy":"category","embeddable":true,"href":"https:\/\/newsroom.ocfl.net\/wp-json\/wp\/v2\/categories?post=22273"},{"taxonomy":"post_tag","embeddable":true,"href":"https:\/\/newsroom.ocfl.net\/wp-json\/wp\/v2\/tags?post=22273"}],"curies":[{"name":"wp","href":"https:\/\/api.w.org\/{rel}","templated":true}]}}