{"id":22356,"date":"2025-03-31T12:01:49","date_gmt":"2025-03-31T16:01:49","guid":{"rendered":"https:\/\/newsroom.ocfl.net\/?p=22356"},"modified":"2025-03-31T16:32:52","modified_gmt":"2025-03-31T20:32:52","slug":"the-demings-digest-april-2025","status":"publish","type":"post","link":"https:\/\/newsroom.ocfl.net\/2025\/03\/the-demings-digest-april-2025\/","title":{"rendered":"The Demings Digest | April 2025"},"content":{"rendered":"<p><!-- mp_trans_remove_start -->Greetings,<\/p>\n<p>Spring is in the air! With the arrival of longer days and warmer weather, now is the perfect time to get outdoors and enjoy one of the many events, festivals and parades taking place in Orange County, including the <a href=\"https:\/\/floridapuertoricanparade.org\/\" target=\"_blank\" rel=\"noopener\">Florida Puerto Rican Parade and Festival<\/a>. This annual event, which takes place on the streets of downtown Orlando, celebrates the culture and contributions of our growing Puerto Rican community.<\/p>\n<p>April also marks the return of one of my favorite events, #407Day. On April 7, all residents are encouraged to support their favorite neighborhood restaurants and shops in honor of our region\u2019s longtime area code. It is also a great opportunity to explore one of our beautiful parks and trails. Be sure to share photos and videos of your favorite #407Day locations with us on social media!<\/p>\n<p>We have also begun celebrating Earth Month, spotlighting our sustainability and conservation efforts in Orange County. Be sure to visit our <a href=\"http:\/\/www.ocfl.net\/earthmonth\" target=\"_blank\" rel=\"noopener\">Earth Month website<\/a> to learn more about the educational and engaging events we have planned over the next few weeks.<\/p>\n<p>Sincerely,<\/p>\n<p><a href=\"https:\/\/www.ocfl.net\/Digest\" target=\"_blank\" rel=\"noopener\"><img loading=\"lazy\" decoding=\"async\" class=\"alignnone wp-image-20071\" title=\"Subscribe to the Demings\u2019 Digest Newsletter - opens in a new tab\" src=\"https:\/\/newsroom.ocfl.net\/wp-content\/uploads\/2023\/09\/Mayor_Demings_Digest_Footer_2022-1024x286.png\" alt=\"Orange County Mayor Jerry L. Demings\" width=\"500\" height=\"140\" srcset=\"https:\/\/newsroom.ocfl.net\/wp-content\/uploads\/2023\/09\/Mayor_Demings_Digest_Footer_2022-1024x286.png 1024w, https:\/\/newsroom.ocfl.net\/wp-content\/uploads\/2023\/09\/Mayor_Demings_Digest_Footer_2022-300x84.png 300w, https:\/\/newsroom.ocfl.net\/wp-content\/uploads\/2023\/09\/Mayor_Demings_Digest_Footer_2022-768x215.png 768w, https:\/\/newsroom.ocfl.net\/wp-content\/uploads\/2023\/09\/Mayor_Demings_Digest_Footer_2022-1536x429.png 1536w, https:\/\/newsroom.ocfl.net\/wp-content\/uploads\/2023\/09\/Mayor_Demings_Digest_Footer_2022-600x168.png 600w, https:\/\/newsroom.ocfl.net\/wp-content\/uploads\/2023\/09\/Mayor_Demings_Digest_Footer_2022-785x219.png 785w, https:\/\/newsroom.ocfl.net\/wp-content\/uploads\/2023\/09\/Mayor_Demings_Digest_Footer_2022.png 2000w\" sizes=\"auto, (max-width: 500px) 100vw, 500px\" \/><\/a><\/p>\n<p><a href=\"https:\/\/www.ocfl.net\/Digest\" target=\"_blank\" rel=\"noopener\" aria-label=\"Link opens in a new tab\">Subscribe to the Demings\u2019 Digest Newsletter<\/a><\/p>\n<p><!-- mp_trans_remove_end --><!-- mp_trans_disable_start --><!-- mp_trans_add\n\n\n<div class=\"spanish-div\">Saludos,<\/div>\n\n\n\n\n<div class=\"spanish-div\">\n\n\u00a1Ya se siente la primavera! Con nuestros d\u00edas m\u00e1s largos y el clima m\u00e1s c\u00e1lido, ahora es el momento perfecto para salir y disfrutar de alguno de los muchos eventos, festivales y desfiles que se celebran en el Condado de Orange, incluyendo el <a href=\"https:\/\/floridapuertoricanparade.org\/\">Desfile y Festival Puertorrique\u00f1o de Florida<\/a>. Este evento anual se apodera de las calles del centro de Orlando para celebrar la cultura y las contribuciones de nuestra creciente comunidad puertorrique\u00f1a.<\/div>\n\n\n\n\n<div class=\"spanish-div\">\n\nAbril tambi\u00e9n marca el regreso de uno de mis eventos favoritos, el #407Day. El 7 de abril, animamos a todos los residentes a apoyar a sus restaurantes y tiendas favoritas del barrio en honor al c\u00f3digo de \u00e1rea de nuestra regi\u00f3n. Tambi\u00e9n es una gran oportunidad para explorar uno de nuestros hermosos parques y senderos. \u00a1No olviden compartir fotos y videos de sus lugares favoritos del #407Day con nosotros en redes sociales!<\/div>\n\n\n\n\n<div class=\"spanish-div\">\n\nTambi\u00e9n hemos comenzado a celebrar el Mes de la Tierra, destacando nuestros esfuerzos de sostenibilidad y conservaci\u00f3n en el Condado de Orange. Visite nuestro <a href=\"http:\/\/www.ocfl.net\/earthmonth\">sitio web del Mes de la Tierra<\/a><span data-mce-type=\"bookmark\" style=\"display: inline-block; width: 0px; overflow: hidden; line-height: 0;\" class=\"mce_SELRES_start\"><\/span> para obtener m\u00e1s informaci\u00f3n sobre los eventos educativos y participativos que hemos planeado para las pr\u00f3ximas semanas.<\/div>\n\n\n\n\n<div class=\"spanish-div\">\n\nAtentamente,<\/div>\n\n\n\n\n<div class=\"spanish-div\">\n\nJerry L. Demings<\/div>\n\n\n\n\n<div class=\"spanish-div\">\nAlcalde del Condado de Orange<\/div>\n\n\n--><!-- mp_trans_disable_end --><\/p>\n","protected":false},"excerpt":{"rendered":"<p>Greetings, Spring is in the air! With the arrival of longer days and warmer weather, now is the perfect time to get outdoors and enjoy one of the many events, festivals and parades taking place in Orange County, including the Florida Puerto Rican Parade and Festival. This annual event, which takes place on the streets [&hellip;]<\/p>\n","protected":false},"author":15,"featured_media":22357,"comment_status":"closed","ping_status":"closed","sticky":false,"template":"","format":"standard","meta":{"_acf_changed":false,"footnotes":""},"categories":[695],"tags":[704],"class_list":["post-22356","post","type-post","status-publish","format-standard","has-post-thumbnail","hentry","category-mayor-letter","tag-demings-digest"],"acf":[],"yoast_head":"<!-- This site is optimized with the Yoast SEO plugin v27.5 - https:\/\/yoast.com\/product\/yoast-seo-wordpress\/ -->\n<title>The Demings Digest | April 2025<\/title>\n<meta name=\"description\" content=\"Spring is in the air! With the arrival of longer days and warmer weather, now is the perfect time to get outdoors.\" \/>\n<meta name=\"robots\" content=\"index, follow, max-snippet:-1, max-image-preview:large, max-video-preview:-1\" \/>\n<link rel=\"canonical\" href=\"https:\/\/newsroom.ocfl.net\/2025\/03\/the-demings-digest-april-2025\/\" \/>\n<meta property=\"og:locale\" content=\"en_US\" \/>\n<meta property=\"og:type\" content=\"article\" \/>\n<meta property=\"og:title\" content=\"The Demings Digest | April 2025\" \/>\n<meta property=\"og:description\" content=\"Spring is in the air! With the arrival of longer days and warmer weather, now is the perfect time to get outdoors.\" \/>\n<meta property=\"og:url\" content=\"https:\/\/newsroom.ocfl.net\/2025\/03\/the-demings-digest-april-2025\/\" \/>\n<meta property=\"og:site_name\" content=\"OCFL Newsroom\" \/>\n<meta property=\"article:publisher\" content=\"https:\/\/www.facebook.com\/OrangeCountyFlorida\/\" \/>\n<meta property=\"article:published_time\" content=\"2025-03-31T16:01:49+00:00\" \/>\n<meta property=\"article:modified_time\" content=\"2025-03-31T20:32:52+00:00\" \/>\n<meta property=\"og:image\" content=\"https:\/\/newsroom.ocfl.net\/wp-content\/uploads\/2025\/03\/Newsroom-1-1024x683.png\" \/>\n\t<meta property=\"og:image:width\" content=\"1024\" \/>\n\t<meta property=\"og:image:height\" content=\"683\" \/>\n\t<meta property=\"og:image:type\" content=\"image\/png\" \/>\n<meta name=\"author\" content=\"Marc Espeso\" \/>\n<meta name=\"twitter:card\" content=\"summary_large_image\" \/>\n<meta name=\"twitter:creator\" content=\"@OrangeCoFL\" \/>\n<meta name=\"twitter:site\" content=\"@OrangeCoFL\" \/>\n<meta name=\"twitter:label1\" content=\"Written by\" \/>\n\t<meta name=\"twitter:data1\" content=\"Marc Espeso\" \/>\n\t<meta name=\"twitter:label2\" content=\"Est. reading time\" \/>\n\t<meta name=\"twitter:data2\" content=\"2 minutes\" \/>\n<script type=\"application\/ld+json\" class=\"yoast-schema-graph\">{\"@context\":\"https:\\\/\\\/schema.org\",\"@graph\":[{\"@type\":\"Article\",\"@id\":\"https:\\\/\\\/newsroom.ocfl.net\\\/2025\\\/03\\\/the-demings-digest-april-2025\\\/#article\",\"isPartOf\":{\"@id\":\"https:\\\/\\\/newsroom.ocfl.net\\\/2025\\\/03\\\/the-demings-digest-april-2025\\\/\"},\"author\":{\"name\":\"Marc Espeso\",\"@id\":\"https:\\\/\\\/newsroom.ocfl.net\\\/#\\\/schema\\\/person\\\/936f1f246fff2244067be7b47355f772\"},\"headline\":\"The Demings Digest | April 2025\",\"datePublished\":\"2025-03-31T16:01:49+00:00\",\"dateModified\":\"2025-03-31T20:32:52+00:00\",\"mainEntityOfPage\":{\"@id\":\"https:\\\/\\\/newsroom.ocfl.net\\\/2025\\\/03\\\/the-demings-digest-april-2025\\\/\"},\"wordCount\":188,\"publisher\":{\"@id\":\"https:\\\/\\\/newsroom.ocfl.net\\\/#organization\"},\"image\":{\"@id\":\"https:\\\/\\\/newsroom.ocfl.net\\\/2025\\\/03\\\/the-demings-digest-april-2025\\\/#primaryimage\"},\"thumbnailUrl\":\"https:\\\/\\\/newsroom.ocfl.net\\\/wp-content\\\/uploads\\\/2025\\\/03\\\/Newsroom-1.png\",\"keywords\":[\"Demings Digest\"],\"articleSection\":[\"Mayor\u2019s Letter\"],\"inLanguage\":\"en-US\"},{\"@type\":\"WebPage\",\"@id\":\"https:\\\/\\\/newsroom.ocfl.net\\\/2025\\\/03\\\/the-demings-digest-april-2025\\\/\",\"url\":\"https:\\\/\\\/newsroom.ocfl.net\\\/2025\\\/03\\\/the-demings-digest-april-2025\\\/\",\"name\":\"The Demings Digest | April 2025\",\"isPartOf\":{\"@id\":\"https:\\\/\\\/newsroom.ocfl.net\\\/#website\"},\"primaryImageOfPage\":{\"@id\":\"https:\\\/\\\/newsroom.ocfl.net\\\/2025\\\/03\\\/the-demings-digest-april-2025\\\/#primaryimage\"},\"image\":{\"@id\":\"https:\\\/\\\/newsroom.ocfl.net\\\/2025\\\/03\\\/the-demings-digest-april-2025\\\/#primaryimage\"},\"thumbnailUrl\":\"https:\\\/\\\/newsroom.ocfl.net\\\/wp-content\\\/uploads\\\/2025\\\/03\\\/Newsroom-1.png\",\"datePublished\":\"2025-03-31T16:01:49+00:00\",\"dateModified\":\"2025-03-31T20:32:52+00:00\",\"description\":\"Spring is in the air! With the arrival of longer days and warmer weather, now is the perfect time to get outdoors.\",\"breadcrumb\":{\"@id\":\"https:\\\/\\\/newsroom.ocfl.net\\\/2025\\\/03\\\/the-demings-digest-april-2025\\\/#breadcrumb\"},\"inLanguage\":\"en-US\",\"potentialAction\":[{\"@type\":\"ReadAction\",\"target\":[\"https:\\\/\\\/newsroom.ocfl.net\\\/2025\\\/03\\\/the-demings-digest-april-2025\\\/\"]}]},{\"@type\":\"ImageObject\",\"inLanguage\":\"en-US\",\"@id\":\"https:\\\/\\\/newsroom.ocfl.net\\\/2025\\\/03\\\/the-demings-digest-april-2025\\\/#primaryimage\",\"url\":\"https:\\\/\\\/newsroom.ocfl.net\\\/wp-content\\\/uploads\\\/2025\\\/03\\\/Newsroom-1.png\",\"contentUrl\":\"https:\\\/\\\/newsroom.ocfl.net\\\/wp-content\\\/uploads\\\/2025\\\/03\\\/Newsroom-1.png\",\"width\":1800,\"height\":1200},{\"@type\":\"BreadcrumbList\",\"@id\":\"https:\\\/\\\/newsroom.ocfl.net\\\/2025\\\/03\\\/the-demings-digest-april-2025\\\/#breadcrumb\",\"itemListElement\":[{\"@type\":\"ListItem\",\"position\":1,\"name\":\"Home\",\"item\":\"https:\\\/\\\/newsroom.ocfl.net\\\/\"},{\"@type\":\"ListItem\",\"position\":2,\"name\":\"The Demings Digest | April 2025\"}]},{\"@type\":\"WebSite\",\"@id\":\"https:\\\/\\\/newsroom.ocfl.net\\\/#website\",\"url\":\"https:\\\/\\\/newsroom.ocfl.net\\\/\",\"name\":\"OCFL Newsroom\",\"description\":\"Orange County, Florida | Government Newsroom\",\"publisher\":{\"@id\":\"https:\\\/\\\/newsroom.ocfl.net\\\/#organization\"},\"potentialAction\":[{\"@type\":\"SearchAction\",\"target\":{\"@type\":\"EntryPoint\",\"urlTemplate\":\"https:\\\/\\\/newsroom.ocfl.net\\\/?s={search_term_string}\"},\"query-input\":{\"@type\":\"PropertyValueSpecification\",\"valueRequired\":true,\"valueName\":\"search_term_string\"}}],\"inLanguage\":\"en-US\"},{\"@type\":\"Organization\",\"@id\":\"https:\\\/\\\/newsroom.ocfl.net\\\/#organization\",\"name\":\"Orange County Government Newsroom\",\"url\":\"https:\\\/\\\/newsroom.ocfl.net\\\/\",\"logo\":{\"@type\":\"ImageObject\",\"inLanguage\":\"en-US\",\"@id\":\"https:\\\/\\\/newsroom.ocfl.net\\\/#\\\/schema\\\/logo\\\/image\\\/\",\"url\":\"https:\\\/\\\/newsroom.ocfl.net\\\/wp-content\\\/uploads\\\/2017\\\/03\\\/NEWS-APP-DropShadow.png\",\"contentUrl\":\"https:\\\/\\\/newsroom.ocfl.net\\\/wp-content\\\/uploads\\\/2017\\\/03\\\/NEWS-APP-DropShadow.png\",\"width\":504,\"height\":504,\"caption\":\"Orange County Government Newsroom\"},\"image\":{\"@id\":\"https:\\\/\\\/newsroom.ocfl.net\\\/#\\\/schema\\\/logo\\\/image\\\/\"},\"sameAs\":[\"https:\\\/\\\/www.facebook.com\\\/OrangeCountyFlorida\\\/\",\"https:\\\/\\\/x.com\\\/OrangeCoFL\",\"https:\\\/\\\/www.instagram.com\\\/ocfl\\\/\",\"https:\\\/\\\/www.linkedin.com\\\/company\\\/orange-county-government\",\"https:\\\/\\\/www.youtube.com\\\/channel\\\/UCff6MZzeWNpXg6TCU3jdxbA\"]},{\"@type\":\"Person\",\"@id\":\"https:\\\/\\\/newsroom.ocfl.net\\\/#\\\/schema\\\/person\\\/936f1f246fff2244067be7b47355f772\",\"name\":\"Marc Espeso\",\"sameAs\":[\"http:\\\/\\\/newsroom.ocfl.net\"]}]}<\/script>\n<!-- \/ Yoast SEO plugin. -->","yoast_head_json":{"title":"The Demings Digest | April 2025","description":"Spring is in the air! With the arrival of longer days and warmer weather, now is the perfect time to get outdoors.","robots":{"index":"index","follow":"follow","max-snippet":"max-snippet:-1","max-image-preview":"max-image-preview:large","max-video-preview":"max-video-preview:-1"},"canonical":"https:\/\/newsroom.ocfl.net\/2025\/03\/the-demings-digest-april-2025\/","og_locale":"en_US","og_type":"article","og_title":"The Demings Digest | April 2025","og_description":"Spring is in the air! With the arrival of longer days and warmer weather, now is the perfect time to get outdoors.","og_url":"https:\/\/newsroom.ocfl.net\/2025\/03\/the-demings-digest-april-2025\/","og_site_name":"OCFL Newsroom","article_publisher":"https:\/\/www.facebook.com\/OrangeCountyFlorida\/","article_published_time":"2025-03-31T16:01:49+00:00","article_modified_time":"2025-03-31T20:32:52+00:00","og_image":[{"width":1024,"height":683,"url":"https:\/\/newsroom.ocfl.net\/wp-content\/uploads\/2025\/03\/Newsroom-1-1024x683.png","type":"image\/png"}],"author":"Marc Espeso","twitter_card":"summary_large_image","twitter_creator":"@OrangeCoFL","twitter_site":"@OrangeCoFL","twitter_misc":{"Written by":"Marc Espeso","Est. reading time":"2 minutes"},"schema":{"@context":"https:\/\/schema.org","@graph":[{"@type":"Article","@id":"https:\/\/newsroom.ocfl.net\/2025\/03\/the-demings-digest-april-2025\/#article","isPartOf":{"@id":"https:\/\/newsroom.ocfl.net\/2025\/03\/the-demings-digest-april-2025\/"},"author":{"name":"Marc Espeso","@id":"https:\/\/newsroom.ocfl.net\/#\/schema\/person\/936f1f246fff2244067be7b47355f772"},"headline":"The Demings Digest | April 2025","datePublished":"2025-03-31T16:01:49+00:00","dateModified":"2025-03-31T20:32:52+00:00","mainEntityOfPage":{"@id":"https:\/\/newsroom.ocfl.net\/2025\/03\/the-demings-digest-april-2025\/"},"wordCount":188,"publisher":{"@id":"https:\/\/newsroom.ocfl.net\/#organization"},"image":{"@id":"https:\/\/newsroom.ocfl.net\/2025\/03\/the-demings-digest-april-2025\/#primaryimage"},"thumbnailUrl":"https:\/\/newsroom.ocfl.net\/wp-content\/uploads\/2025\/03\/Newsroom-1.png","keywords":["Demings Digest"],"articleSection":["Mayor\u2019s Letter"],"inLanguage":"en-US"},{"@type":"WebPage","@id":"https:\/\/newsroom.ocfl.net\/2025\/03\/the-demings-digest-april-2025\/","url":"https:\/\/newsroom.ocfl.net\/2025\/03\/the-demings-digest-april-2025\/","name":"The Demings Digest | April 2025","isPartOf":{"@id":"https:\/\/newsroom.ocfl.net\/#website"},"primaryImageOfPage":{"@id":"https:\/\/newsroom.ocfl.net\/2025\/03\/the-demings-digest-april-2025\/#primaryimage"},"image":{"@id":"https:\/\/newsroom.ocfl.net\/2025\/03\/the-demings-digest-april-2025\/#primaryimage"},"thumbnailUrl":"https:\/\/newsroom.ocfl.net\/wp-content\/uploads\/2025\/03\/Newsroom-1.png","datePublished":"2025-03-31T16:01:49+00:00","dateModified":"2025-03-31T20:32:52+00:00","description":"Spring is in the air! With the arrival of longer days and warmer weather, now is the perfect time to get outdoors.","breadcrumb":{"@id":"https:\/\/newsroom.ocfl.net\/2025\/03\/the-demings-digest-april-2025\/#breadcrumb"},"inLanguage":"en-US","potentialAction":[{"@type":"ReadAction","target":["https:\/\/newsroom.ocfl.net\/2025\/03\/the-demings-digest-april-2025\/"]}]},{"@type":"ImageObject","inLanguage":"en-US","@id":"https:\/\/newsroom.ocfl.net\/2025\/03\/the-demings-digest-april-2025\/#primaryimage","url":"https:\/\/newsroom.ocfl.net\/wp-content\/uploads\/2025\/03\/Newsroom-1.png","contentUrl":"https:\/\/newsroom.ocfl.net\/wp-content\/uploads\/2025\/03\/Newsroom-1.png","width":1800,"height":1200},{"@type":"BreadcrumbList","@id":"https:\/\/newsroom.ocfl.net\/2025\/03\/the-demings-digest-april-2025\/#breadcrumb","itemListElement":[{"@type":"ListItem","position":1,"name":"Home","item":"https:\/\/newsroom.ocfl.net\/"},{"@type":"ListItem","position":2,"name":"The Demings Digest | April 2025"}]},{"@type":"WebSite","@id":"https:\/\/newsroom.ocfl.net\/#website","url":"https:\/\/newsroom.ocfl.net\/","name":"OCFL Newsroom","description":"Orange County, Florida | Government Newsroom","publisher":{"@id":"https:\/\/newsroom.ocfl.net\/#organization"},"potentialAction":[{"@type":"SearchAction","target":{"@type":"EntryPoint","urlTemplate":"https:\/\/newsroom.ocfl.net\/?s={search_term_string}"},"query-input":{"@type":"PropertyValueSpecification","valueRequired":true,"valueName":"search_term_string"}}],"inLanguage":"en-US"},{"@type":"Organization","@id":"https:\/\/newsroom.ocfl.net\/#organization","name":"Orange County Government Newsroom","url":"https:\/\/newsroom.ocfl.net\/","logo":{"@type":"ImageObject","inLanguage":"en-US","@id":"https:\/\/newsroom.ocfl.net\/#\/schema\/logo\/image\/","url":"https:\/\/newsroom.ocfl.net\/wp-content\/uploads\/2017\/03\/NEWS-APP-DropShadow.png","contentUrl":"https:\/\/newsroom.ocfl.net\/wp-content\/uploads\/2017\/03\/NEWS-APP-DropShadow.png","width":504,"height":504,"caption":"Orange County Government Newsroom"},"image":{"@id":"https:\/\/newsroom.ocfl.net\/#\/schema\/logo\/image\/"},"sameAs":["https:\/\/www.facebook.com\/OrangeCountyFlorida\/","https:\/\/x.com\/OrangeCoFL","https:\/\/www.instagram.com\/ocfl\/","https:\/\/www.linkedin.com\/company\/orange-county-government","https:\/\/www.youtube.com\/channel\/UCff6MZzeWNpXg6TCU3jdxbA"]},{"@type":"Person","@id":"https:\/\/newsroom.ocfl.net\/#\/schema\/person\/936f1f246fff2244067be7b47355f772","name":"Marc Espeso","sameAs":["http:\/\/newsroom.ocfl.net"]}]}},"_links":{"self":[{"href":"https:\/\/newsroom.ocfl.net\/wp-json\/wp\/v2\/posts\/22356","targetHints":{"allow":["GET"]}}],"collection":[{"href":"https:\/\/newsroom.ocfl.net\/wp-json\/wp\/v2\/posts"}],"about":[{"href":"https:\/\/newsroom.ocfl.net\/wp-json\/wp\/v2\/types\/post"}],"author":[{"embeddable":true,"href":"https:\/\/newsroom.ocfl.net\/wp-json\/wp\/v2\/users\/15"}],"replies":[{"embeddable":true,"href":"https:\/\/newsroom.ocfl.net\/wp-json\/wp\/v2\/comments?post=22356"}],"version-history":[{"count":8,"href":"https:\/\/newsroom.ocfl.net\/wp-json\/wp\/v2\/posts\/22356\/revisions"}],"predecessor-version":[{"id":22413,"href":"https:\/\/newsroom.ocfl.net\/wp-json\/wp\/v2\/posts\/22356\/revisions\/22413"}],"wp:featuredmedia":[{"embeddable":true,"href":"https:\/\/newsroom.ocfl.net\/wp-json\/wp\/v2\/media\/22357"}],"wp:attachment":[{"href":"https:\/\/newsroom.ocfl.net\/wp-json\/wp\/v2\/media?parent=22356"}],"wp:term":[{"taxonomy":"category","embeddable":true,"href":"https:\/\/newsroom.ocfl.net\/wp-json\/wp\/v2\/categories?post=22356"},{"taxonomy":"post_tag","embeddable":true,"href":"https:\/\/newsroom.ocfl.net\/wp-json\/wp\/v2\/tags?post=22356"}],"curies":[{"name":"wp","href":"https:\/\/api.w.org\/{rel}","templated":true}]}}