{"id":22514,"date":"2025-05-01T10:13:32","date_gmt":"2025-05-01T14:13:32","guid":{"rendered":"https:\/\/newsroom.ocfl.net\/?p=22514"},"modified":"2025-05-01T10:53:20","modified_gmt":"2025-05-01T14:53:20","slug":"the-demings-digest-may-2025","status":"publish","type":"post","link":"https:\/\/newsroom.ocfl.net\/2025\/05\/the-demings-digest-may-2025\/","title":{"rendered":"The Demings Digest | May 2025"},"content":{"rendered":"<p><!-- mp_trans_remove_start -->Greetings,<\/p>\n<p>May has arrived, bringing plenty of reasons to gather and celebrate. This month, we recognize the people, heritage and cultures that contribute to the rich character of Orange County.<\/p>\n<p>We invite you to take part in Memorial Day events across the County as we honor the brave men and women who have served our country. Ceremonies will be held at <a href=\"https:\/\/www.orangecountyfl.net\/CultureParks\/Parks.aspx?d=12&amp;m=dtlvw\" target=\"_blank\" rel=\"noopener noreferrer\">Cypress Grove Park<\/a> in Orlando, the <a href=\"https:\/\/lp.constantcontactpages.com\/ev\/reg\/3nduk5t\/lp\/73083550-c3ec-4b84-aa8d-77316a087924\" target=\"_blank\" rel=\"noopener noreferrer\">Orange County Courthouse<\/a> and at Woodlawn Memorial Park, among other locations.<\/p>\n<p>May is also a time to celebrate <a href=\"https:\/\/www.eventbrite.com\/e\/orange-countys-asian-american-pacific-islander-heritage-celebration-tickets-1297389209049?aff=oddtdtcreator\" target=\"_blank\" rel=\"noopener noreferrer\">Asian American and Pacific Islander Heritage Month<\/a>. Join us outside the Orange County Administration Building for a special event featuring live cultural performances and interactive workshops. You can find more details about this celebration in this newsletter.<\/p>\n<p>With hurricane season approaching, now is the time to get prepared. Orange County\u2019s <a href=\"http:\/\/www.ocfl.net\/storm\" target=\"_blank\" rel=\"noopener noreferrer\">Hurricane Safety Guide<\/a> is a go-to resource for important storm-related information, including safety tips and an emergency preparedness checklist.<\/p>\n<p>Finally, Happy Mother\u2019s Day to all the mothers and mother figures in our community. Your dedication and strength continue to inspire those around you.<\/p>\n<p>Sincerely,<\/p>\n<p><a href=\"https:\/\/www.ocfl.net\/Digest\" target=\"_blank\" rel=\"noopener\"><img loading=\"lazy\" decoding=\"async\" class=\"alignnone wp-image-20071\" title=\"Subscribe to the Demings\u2019 Digest Newsletter - opens in a new tab\" src=\"https:\/\/newsroom.ocfl.net\/wp-content\/uploads\/2023\/09\/Mayor_Demings_Digest_Footer_2022-1024x286.png\" alt=\"Orange County Mayor Jerry L. Demings\" width=\"500\" height=\"140\" srcset=\"https:\/\/newsroom.ocfl.net\/wp-content\/uploads\/2023\/09\/Mayor_Demings_Digest_Footer_2022-1024x286.png 1024w, https:\/\/newsroom.ocfl.net\/wp-content\/uploads\/2023\/09\/Mayor_Demings_Digest_Footer_2022-300x84.png 300w, https:\/\/newsroom.ocfl.net\/wp-content\/uploads\/2023\/09\/Mayor_Demings_Digest_Footer_2022-768x215.png 768w, https:\/\/newsroom.ocfl.net\/wp-content\/uploads\/2023\/09\/Mayor_Demings_Digest_Footer_2022-1536x429.png 1536w, https:\/\/newsroom.ocfl.net\/wp-content\/uploads\/2023\/09\/Mayor_Demings_Digest_Footer_2022-600x168.png 600w, https:\/\/newsroom.ocfl.net\/wp-content\/uploads\/2023\/09\/Mayor_Demings_Digest_Footer_2022-785x219.png 785w, https:\/\/newsroom.ocfl.net\/wp-content\/uploads\/2023\/09\/Mayor_Demings_Digest_Footer_2022.png 2000w\" sizes=\"auto, (max-width: 500px) 100vw, 500px\" \/><\/a><\/p>\n<p><a href=\"https:\/\/www.ocfl.net\/Digest\" target=\"_blank\" rel=\"noopener\" aria-label=\"Link opens in a new tab\">Subscribe to the Demings\u2019 Digest Newsletter<\/a><\/p>\n<p><!-- mp_trans_remove_end --><!-- mp_trans_disable_start --><!-- mp_trans_add\n\n\n<div class=\"spanish-div\">Mayo ya lleg\u00f3, trayendo consigo m\u00faltiples motivos para reunirse y celebrar. Este mes, reconocemos a las personas, el patrimonio y las culturas que contribuyen a la rica identidad del Condado de Orange.<\/div>\n\n\n\n\n<div class=\"spanish-div\">\n\nLos invitamos a participar en los eventos del D\u00eda de los Ca\u00eddos en todo el Condado para honrar a los valientes hombres y mujeres que han servido a nuestro pa\u00eds. Las ceremonias se llevar\u00e1n a cabo en el <a href=\"https:\/\/www.orangecountyfl.net\/CultureParks\/Parks.aspx?d=12&amp;m=dtlvw\" target=\"_blank\" rel=\"noopener noreferrer\">Parque Cypress Grove<\/a> de Orlando, <a href=\"https:\/\/lp.constantcontactpages.com\/ev\/reg\/3nduk5t\/lp\/73083550-c3ec-4b84-aa8d-77316a087924\" target=\"_blank\" rel=\"noopener noreferrer\">el edifico de los Tribunales del Condado de Orange<\/a> y el Cementerio Greenwood, entre otros lugares.<\/div>\n\n\n\n\n<div class=\"spanish-div\">\n\nMayo tambi\u00e9n es el momento de celebrar el <a href=\"https:\/\/www.eventbrite.com\/e\/orange-countys-asian-american-pacific-islander-heritage-celebration-tickets-1297389209049?aff=oddtdtcreator\" target=\"_blank\" rel=\"noopener noreferrer\">Mes de la Herencia Asi\u00e1tico-Americana e Isle\u00f1a del Pac\u00edfico<\/a>. Acomp\u00e1\u00f1enos frente al Edificio de Administraci\u00f3n del Condado de Orange para un evento especial con presentaciones culturales en vivo y talleres interactivos. Puede encontrar m\u00e1s detalles sobre esta celebraci\u00f3n en este bolet\u00edn.<\/div>\n\n\n\n\n<div class=\"spanish-div\">\n\nCon la temporada de huracanes acerc\u00e1ndose, es hora de prepararse. <a href=\"http:\/\/www.ocfl.net\/storm\" target=\"_blank\" rel=\"noopener noreferrer\">La Gu\u00eda de Seguridad contra Huracanes del Condado de Orange<\/a> es un recurso de referencia con informaci\u00f3n importante sobre tormentas, incluyendo consejos de seguridad y una lista de verificaci\u00f3n de preparaci\u00f3n para emergencias.<\/div>\n\n\n\n\n<div class=\"spanish-div\">\n\nFinalmente, les deseamos un Feliz D\u00eda de la Madre a todas las madres y figuras maternas de nuestra comunidad. Su dedicaci\u00f3n y fortaleza siguen inspirando a quienes las rodean.<\/div>\n\n\n\n\n<div class=\"spanish-div\">\n\nAtentamente,<\/div>\n\n\n\n\n<div class=\"spanish-div\">\n\nJerry L. Demings<\/div>\n\n\n\n\n<div class=\"spanish-div\">\nAlcalde del Condado de Orange<\/div>\n\n\n--><!-- mp_trans_disable_end --><\/p>\n","protected":false},"excerpt":{"rendered":"<p>Greetings, May has arrived, bringing plenty of reasons to gather and celebrate. This month, we recognize the people, heritage and cultures that contribute to the rich character of Orange County. We invite you to take part in Memorial Day events across the County as we honor the brave men and women who have served our [&hellip;]<\/p>\n","protected":false},"author":31,"featured_media":22515,"comment_status":"closed","ping_status":"closed","sticky":false,"template":"","format":"standard","meta":{"_acf_changed":false,"footnotes":""},"categories":[695],"tags":[],"class_list":["post-22514","post","type-post","status-publish","format-standard","has-post-thumbnail","hentry","category-mayor-letter"],"acf":[],"yoast_head":"<!-- This site is optimized with the Yoast SEO plugin v27.5 - https:\/\/yoast.com\/product\/yoast-seo-wordpress\/ -->\n<title>The Demings Digest | May 2025<\/title>\n<meta name=\"description\" content=\"This month, we recognize the people, heritage and cultures that contribute to the rich character of Orange Count\" \/>\n<meta name=\"robots\" content=\"index, follow, max-snippet:-1, max-image-preview:large, max-video-preview:-1\" \/>\n<link rel=\"canonical\" href=\"https:\/\/newsroom.ocfl.net\/2025\/05\/the-demings-digest-may-2025\/\" \/>\n<meta property=\"og:locale\" content=\"en_US\" \/>\n<meta property=\"og:type\" content=\"article\" \/>\n<meta property=\"og:title\" content=\"The Demings Digest | May 2025\" \/>\n<meta property=\"og:description\" content=\"This month, we recognize the people, heritage and cultures that contribute to the rich character of Orange Count\" \/>\n<meta property=\"og:url\" content=\"https:\/\/newsroom.ocfl.net\/2025\/05\/the-demings-digest-may-2025\/\" \/>\n<meta property=\"og:site_name\" content=\"OCFL Newsroom\" \/>\n<meta property=\"article:publisher\" content=\"https:\/\/www.facebook.com\/OrangeCountyFlorida\/\" \/>\n<meta property=\"article:published_time\" content=\"2025-05-01T14:13:32+00:00\" \/>\n<meta property=\"article:modified_time\" content=\"2025-05-01T14:53:20+00:00\" \/>\n<meta property=\"og:image\" content=\"https:\/\/newsroom.ocfl.net\/wp-content\/uploads\/2025\/04\/OCFL2024-330-small-scaled.jpg\" \/>\n\t<meta property=\"og:image:width\" content=\"2560\" \/>\n\t<meta property=\"og:image:height\" content=\"1707\" \/>\n\t<meta property=\"og:image:type\" content=\"image\/jpeg\" \/>\n<meta name=\"author\" content=\"Chris Romero\" \/>\n<meta name=\"twitter:card\" content=\"summary_large_image\" \/>\n<meta name=\"twitter:creator\" content=\"@OrangeCoFL\" \/>\n<meta name=\"twitter:site\" content=\"@OrangeCoFL\" \/>\n<meta name=\"twitter:label1\" content=\"Written by\" \/>\n\t<meta name=\"twitter:data1\" content=\"Chris Romero\" \/>\n\t<meta name=\"twitter:label2\" content=\"Est. reading time\" \/>\n\t<meta name=\"twitter:data2\" content=\"2 minutes\" \/>\n<script type=\"application\/ld+json\" class=\"yoast-schema-graph\">{\"@context\":\"https:\\\/\\\/schema.org\",\"@graph\":[{\"@type\":\"Article\",\"@id\":\"https:\\\/\\\/newsroom.ocfl.net\\\/2025\\\/05\\\/the-demings-digest-may-2025\\\/#article\",\"isPartOf\":{\"@id\":\"https:\\\/\\\/newsroom.ocfl.net\\\/2025\\\/05\\\/the-demings-digest-may-2025\\\/\"},\"author\":{\"name\":\"Chris Romero\",\"@id\":\"https:\\\/\\\/newsroom.ocfl.net\\\/#\\\/schema\\\/person\\\/a48aae4d9682c49980e8bfb742c62e4a\"},\"headline\":\"The Demings Digest | May 2025\",\"datePublished\":\"2025-05-01T14:13:32+00:00\",\"dateModified\":\"2025-05-01T14:53:20+00:00\",\"mainEntityOfPage\":{\"@id\":\"https:\\\/\\\/newsroom.ocfl.net\\\/2025\\\/05\\\/the-demings-digest-may-2025\\\/\"},\"wordCount\":191,\"publisher\":{\"@id\":\"https:\\\/\\\/newsroom.ocfl.net\\\/#organization\"},\"image\":{\"@id\":\"https:\\\/\\\/newsroom.ocfl.net\\\/2025\\\/05\\\/the-demings-digest-may-2025\\\/#primaryimage\"},\"thumbnailUrl\":\"https:\\\/\\\/newsroom.ocfl.net\\\/wp-content\\\/uploads\\\/2025\\\/04\\\/OCFL2024-330-small-scaled.jpg\",\"articleSection\":[\"Mayor\u2019s Letter\"],\"inLanguage\":\"en-US\"},{\"@type\":\"WebPage\",\"@id\":\"https:\\\/\\\/newsroom.ocfl.net\\\/2025\\\/05\\\/the-demings-digest-may-2025\\\/\",\"url\":\"https:\\\/\\\/newsroom.ocfl.net\\\/2025\\\/05\\\/the-demings-digest-may-2025\\\/\",\"name\":\"The Demings Digest | May 2025\",\"isPartOf\":{\"@id\":\"https:\\\/\\\/newsroom.ocfl.net\\\/#website\"},\"primaryImageOfPage\":{\"@id\":\"https:\\\/\\\/newsroom.ocfl.net\\\/2025\\\/05\\\/the-demings-digest-may-2025\\\/#primaryimage\"},\"image\":{\"@id\":\"https:\\\/\\\/newsroom.ocfl.net\\\/2025\\\/05\\\/the-demings-digest-may-2025\\\/#primaryimage\"},\"thumbnailUrl\":\"https:\\\/\\\/newsroom.ocfl.net\\\/wp-content\\\/uploads\\\/2025\\\/04\\\/OCFL2024-330-small-scaled.jpg\",\"datePublished\":\"2025-05-01T14:13:32+00:00\",\"dateModified\":\"2025-05-01T14:53:20+00:00\",\"description\":\"This month, we recognize the people, heritage and cultures that contribute to the rich character of Orange Count\",\"breadcrumb\":{\"@id\":\"https:\\\/\\\/newsroom.ocfl.net\\\/2025\\\/05\\\/the-demings-digest-may-2025\\\/#breadcrumb\"},\"inLanguage\":\"en-US\",\"potentialAction\":[{\"@type\":\"ReadAction\",\"target\":[\"https:\\\/\\\/newsroom.ocfl.net\\\/2025\\\/05\\\/the-demings-digest-may-2025\\\/\"]}]},{\"@type\":\"ImageObject\",\"inLanguage\":\"en-US\",\"@id\":\"https:\\\/\\\/newsroom.ocfl.net\\\/2025\\\/05\\\/the-demings-digest-may-2025\\\/#primaryimage\",\"url\":\"https:\\\/\\\/newsroom.ocfl.net\\\/wp-content\\\/uploads\\\/2025\\\/04\\\/OCFL2024-330-small-scaled.jpg\",\"contentUrl\":\"https:\\\/\\\/newsroom.ocfl.net\\\/wp-content\\\/uploads\\\/2025\\\/04\\\/OCFL2024-330-small-scaled.jpg\",\"width\":2560,\"height\":1707},{\"@type\":\"BreadcrumbList\",\"@id\":\"https:\\\/\\\/newsroom.ocfl.net\\\/2025\\\/05\\\/the-demings-digest-may-2025\\\/#breadcrumb\",\"itemListElement\":[{\"@type\":\"ListItem\",\"position\":1,\"name\":\"Home\",\"item\":\"https:\\\/\\\/newsroom.ocfl.net\\\/\"},{\"@type\":\"ListItem\",\"position\":2,\"name\":\"The Demings Digest | May 2025\"}]},{\"@type\":\"WebSite\",\"@id\":\"https:\\\/\\\/newsroom.ocfl.net\\\/#website\",\"url\":\"https:\\\/\\\/newsroom.ocfl.net\\\/\",\"name\":\"OCFL Newsroom\",\"description\":\"Orange County, Florida | Government Newsroom\",\"publisher\":{\"@id\":\"https:\\\/\\\/newsroom.ocfl.net\\\/#organization\"},\"potentialAction\":[{\"@type\":\"SearchAction\",\"target\":{\"@type\":\"EntryPoint\",\"urlTemplate\":\"https:\\\/\\\/newsroom.ocfl.net\\\/?s={search_term_string}\"},\"query-input\":{\"@type\":\"PropertyValueSpecification\",\"valueRequired\":true,\"valueName\":\"search_term_string\"}}],\"inLanguage\":\"en-US\"},{\"@type\":\"Organization\",\"@id\":\"https:\\\/\\\/newsroom.ocfl.net\\\/#organization\",\"name\":\"Orange County Government Newsroom\",\"url\":\"https:\\\/\\\/newsroom.ocfl.net\\\/\",\"logo\":{\"@type\":\"ImageObject\",\"inLanguage\":\"en-US\",\"@id\":\"https:\\\/\\\/newsroom.ocfl.net\\\/#\\\/schema\\\/logo\\\/image\\\/\",\"url\":\"https:\\\/\\\/newsroom.ocfl.net\\\/wp-content\\\/uploads\\\/2017\\\/03\\\/NEWS-APP-DropShadow.png\",\"contentUrl\":\"https:\\\/\\\/newsroom.ocfl.net\\\/wp-content\\\/uploads\\\/2017\\\/03\\\/NEWS-APP-DropShadow.png\",\"width\":504,\"height\":504,\"caption\":\"Orange County Government Newsroom\"},\"image\":{\"@id\":\"https:\\\/\\\/newsroom.ocfl.net\\\/#\\\/schema\\\/logo\\\/image\\\/\"},\"sameAs\":[\"https:\\\/\\\/www.facebook.com\\\/OrangeCountyFlorida\\\/\",\"https:\\\/\\\/x.com\\\/OrangeCoFL\",\"https:\\\/\\\/www.instagram.com\\\/ocfl\\\/\",\"https:\\\/\\\/www.linkedin.com\\\/company\\\/orange-county-government\",\"https:\\\/\\\/www.youtube.com\\\/channel\\\/UCff6MZzeWNpXg6TCU3jdxbA\"]},{\"@type\":\"Person\",\"@id\":\"https:\\\/\\\/newsroom.ocfl.net\\\/#\\\/schema\\\/person\\\/a48aae4d9682c49980e8bfb742c62e4a\",\"name\":\"Chris Romero\"}]}<\/script>\n<!-- \/ Yoast SEO plugin. -->","yoast_head_json":{"title":"The Demings Digest | May 2025","description":"This month, we recognize the people, heritage and cultures that contribute to the rich character of Orange Count","robots":{"index":"index","follow":"follow","max-snippet":"max-snippet:-1","max-image-preview":"max-image-preview:large","max-video-preview":"max-video-preview:-1"},"canonical":"https:\/\/newsroom.ocfl.net\/2025\/05\/the-demings-digest-may-2025\/","og_locale":"en_US","og_type":"article","og_title":"The Demings Digest | May 2025","og_description":"This month, we recognize the people, heritage and cultures that contribute to the rich character of Orange Count","og_url":"https:\/\/newsroom.ocfl.net\/2025\/05\/the-demings-digest-may-2025\/","og_site_name":"OCFL Newsroom","article_publisher":"https:\/\/www.facebook.com\/OrangeCountyFlorida\/","article_published_time":"2025-05-01T14:13:32+00:00","article_modified_time":"2025-05-01T14:53:20+00:00","og_image":[{"width":2560,"height":1707,"url":"https:\/\/newsroom.ocfl.net\/wp-content\/uploads\/2025\/04\/OCFL2024-330-small-scaled.jpg","type":"image\/jpeg"}],"author":"Chris Romero","twitter_card":"summary_large_image","twitter_creator":"@OrangeCoFL","twitter_site":"@OrangeCoFL","twitter_misc":{"Written by":"Chris Romero","Est. reading time":"2 minutes"},"schema":{"@context":"https:\/\/schema.org","@graph":[{"@type":"Article","@id":"https:\/\/newsroom.ocfl.net\/2025\/05\/the-demings-digest-may-2025\/#article","isPartOf":{"@id":"https:\/\/newsroom.ocfl.net\/2025\/05\/the-demings-digest-may-2025\/"},"author":{"name":"Chris Romero","@id":"https:\/\/newsroom.ocfl.net\/#\/schema\/person\/a48aae4d9682c49980e8bfb742c62e4a"},"headline":"The Demings Digest | May 2025","datePublished":"2025-05-01T14:13:32+00:00","dateModified":"2025-05-01T14:53:20+00:00","mainEntityOfPage":{"@id":"https:\/\/newsroom.ocfl.net\/2025\/05\/the-demings-digest-may-2025\/"},"wordCount":191,"publisher":{"@id":"https:\/\/newsroom.ocfl.net\/#organization"},"image":{"@id":"https:\/\/newsroom.ocfl.net\/2025\/05\/the-demings-digest-may-2025\/#primaryimage"},"thumbnailUrl":"https:\/\/newsroom.ocfl.net\/wp-content\/uploads\/2025\/04\/OCFL2024-330-small-scaled.jpg","articleSection":["Mayor\u2019s Letter"],"inLanguage":"en-US"},{"@type":"WebPage","@id":"https:\/\/newsroom.ocfl.net\/2025\/05\/the-demings-digest-may-2025\/","url":"https:\/\/newsroom.ocfl.net\/2025\/05\/the-demings-digest-may-2025\/","name":"The Demings Digest | May 2025","isPartOf":{"@id":"https:\/\/newsroom.ocfl.net\/#website"},"primaryImageOfPage":{"@id":"https:\/\/newsroom.ocfl.net\/2025\/05\/the-demings-digest-may-2025\/#primaryimage"},"image":{"@id":"https:\/\/newsroom.ocfl.net\/2025\/05\/the-demings-digest-may-2025\/#primaryimage"},"thumbnailUrl":"https:\/\/newsroom.ocfl.net\/wp-content\/uploads\/2025\/04\/OCFL2024-330-small-scaled.jpg","datePublished":"2025-05-01T14:13:32+00:00","dateModified":"2025-05-01T14:53:20+00:00","description":"This month, we recognize the people, heritage and cultures that contribute to the rich character of Orange Count","breadcrumb":{"@id":"https:\/\/newsroom.ocfl.net\/2025\/05\/the-demings-digest-may-2025\/#breadcrumb"},"inLanguage":"en-US","potentialAction":[{"@type":"ReadAction","target":["https:\/\/newsroom.ocfl.net\/2025\/05\/the-demings-digest-may-2025\/"]}]},{"@type":"ImageObject","inLanguage":"en-US","@id":"https:\/\/newsroom.ocfl.net\/2025\/05\/the-demings-digest-may-2025\/#primaryimage","url":"https:\/\/newsroom.ocfl.net\/wp-content\/uploads\/2025\/04\/OCFL2024-330-small-scaled.jpg","contentUrl":"https:\/\/newsroom.ocfl.net\/wp-content\/uploads\/2025\/04\/OCFL2024-330-small-scaled.jpg","width":2560,"height":1707},{"@type":"BreadcrumbList","@id":"https:\/\/newsroom.ocfl.net\/2025\/05\/the-demings-digest-may-2025\/#breadcrumb","itemListElement":[{"@type":"ListItem","position":1,"name":"Home","item":"https:\/\/newsroom.ocfl.net\/"},{"@type":"ListItem","position":2,"name":"The Demings Digest | May 2025"}]},{"@type":"WebSite","@id":"https:\/\/newsroom.ocfl.net\/#website","url":"https:\/\/newsroom.ocfl.net\/","name":"OCFL Newsroom","description":"Orange County, Florida | Government Newsroom","publisher":{"@id":"https:\/\/newsroom.ocfl.net\/#organization"},"potentialAction":[{"@type":"SearchAction","target":{"@type":"EntryPoint","urlTemplate":"https:\/\/newsroom.ocfl.net\/?s={search_term_string}"},"query-input":{"@type":"PropertyValueSpecification","valueRequired":true,"valueName":"search_term_string"}}],"inLanguage":"en-US"},{"@type":"Organization","@id":"https:\/\/newsroom.ocfl.net\/#organization","name":"Orange County Government Newsroom","url":"https:\/\/newsroom.ocfl.net\/","logo":{"@type":"ImageObject","inLanguage":"en-US","@id":"https:\/\/newsroom.ocfl.net\/#\/schema\/logo\/image\/","url":"https:\/\/newsroom.ocfl.net\/wp-content\/uploads\/2017\/03\/NEWS-APP-DropShadow.png","contentUrl":"https:\/\/newsroom.ocfl.net\/wp-content\/uploads\/2017\/03\/NEWS-APP-DropShadow.png","width":504,"height":504,"caption":"Orange County Government Newsroom"},"image":{"@id":"https:\/\/newsroom.ocfl.net\/#\/schema\/logo\/image\/"},"sameAs":["https:\/\/www.facebook.com\/OrangeCountyFlorida\/","https:\/\/x.com\/OrangeCoFL","https:\/\/www.instagram.com\/ocfl\/","https:\/\/www.linkedin.com\/company\/orange-county-government","https:\/\/www.youtube.com\/channel\/UCff6MZzeWNpXg6TCU3jdxbA"]},{"@type":"Person","@id":"https:\/\/newsroom.ocfl.net\/#\/schema\/person\/a48aae4d9682c49980e8bfb742c62e4a","name":"Chris Romero"}]}},"_links":{"self":[{"href":"https:\/\/newsroom.ocfl.net\/wp-json\/wp\/v2\/posts\/22514","targetHints":{"allow":["GET"]}}],"collection":[{"href":"https:\/\/newsroom.ocfl.net\/wp-json\/wp\/v2\/posts"}],"about":[{"href":"https:\/\/newsroom.ocfl.net\/wp-json\/wp\/v2\/types\/post"}],"author":[{"embeddable":true,"href":"https:\/\/newsroom.ocfl.net\/wp-json\/wp\/v2\/users\/31"}],"replies":[{"embeddable":true,"href":"https:\/\/newsroom.ocfl.net\/wp-json\/wp\/v2\/comments?post=22514"}],"version-history":[{"count":4,"href":"https:\/\/newsroom.ocfl.net\/wp-json\/wp\/v2\/posts\/22514\/revisions"}],"predecessor-version":[{"id":22530,"href":"https:\/\/newsroom.ocfl.net\/wp-json\/wp\/v2\/posts\/22514\/revisions\/22530"}],"wp:featuredmedia":[{"embeddable":true,"href":"https:\/\/newsroom.ocfl.net\/wp-json\/wp\/v2\/media\/22515"}],"wp:attachment":[{"href":"https:\/\/newsroom.ocfl.net\/wp-json\/wp\/v2\/media?parent=22514"}],"wp:term":[{"taxonomy":"category","embeddable":true,"href":"https:\/\/newsroom.ocfl.net\/wp-json\/wp\/v2\/categories?post=22514"},{"taxonomy":"post_tag","embeddable":true,"href":"https:\/\/newsroom.ocfl.net\/wp-json\/wp\/v2\/tags?post=22514"}],"curies":[{"name":"wp","href":"https:\/\/api.w.org\/{rel}","templated":true}]}}