{"id":22611,"date":"2025-06-02T12:41:49","date_gmt":"2025-06-02T16:41:49","guid":{"rendered":"https:\/\/newsroom.ocfl.net\/?p=22611"},"modified":"2025-06-03T09:59:16","modified_gmt":"2025-06-03T13:59:16","slug":"the-demings-digest-june-2025","status":"publish","type":"post","link":"https:\/\/newsroom.ocfl.net\/2025\/06\/the-demings-digest-june-2025\/","title":{"rendered":"The Demings Digest | June 2025"},"content":{"rendered":"<p><!-- mp_trans_remove_start -->Greetings,<\/p>\n<p>Summer is almost here, and it is the perfect time to get outside and enjoy everything Orange County has to offer \u2014 from our beautiful parks and lakes to exciting community events. There are a lot of new experiences being offered by all of our local theme parks, and I encourage you to make time to have a little summer fun at any of them! June is also full of opportunities to connect, including the always-inspiring <a href=\"https:\/\/www.ocfl.net\/CultureParks\/DrMartinLutherKingJrInitiative\/Meetings.aspx\">Juneteenth Celebration<\/a>, hosted by the Orange County MLK Initiative. Be sure to check out the full list of events in this newsletter.<\/p>\n<p>As we head into hurricane season, it is important to ensure you and your family are prepared. Join us at the <a href=\"https:\/\/www.ocfl.net\/EmergencySafety\/EmergencyInformation.aspx\">Orange County Hurricane Expo<\/a> on Saturday, June 21, at Evans High School, hosted by our Office of Emergency Management. Arrive early for free emergency supplies (while they last) and meet local experts, including local meteorologist Amy Sweezey.<\/p>\n<p>On June 6, I will deliver the <a href=\"http:\/\/www.ocfl.net\/soc\">2025 State of the County address<\/a> \u2014 a moment to reflect on our shared accomplishments and outline the road ahead for Orange County. You can watch it live on <a href=\"https:\/\/www.ocfl.net\/orangetv\">Orange TV<\/a> or follow along on our social media.<\/p>\n<p>This month, we also take time to remember and honor all those impacted by the Pulse tragedy, including the 49 Pulse angels, their families, survivors and first responders. A special <a href=\"https:\/\/www.pulseorlando.org\/Events\/2025-Pulse-Remembrance-Ceremony\">remembrance ceremony<\/a> will take place on June 12 in Downtown Orlando, hosted by the City of Orlando.<\/p>\n<p>Lastly, with Father\u2019s Day approaching, I want to extend heartfelt thanks to all the dads, caregivers and mentors who offer love, support and guidance. Your influence makes a lasting impact. Wishing you a joyful and relaxing Father\u2019s Day!<\/p>\n<p>Sincerely,<\/p>\n<p><a href=\"https:\/\/www.ocfl.net\/Digest\" target=\"_blank\" rel=\"noopener\"><img loading=\"lazy\" decoding=\"async\" class=\"alignnone wp-image-20071\" title=\"Subscribe to the Demings\u2019 Digest Newsletter - opens in a new tab\" src=\"https:\/\/newsroom.ocfl.net\/wp-content\/uploads\/2023\/09\/Mayor_Demings_Digest_Footer_2022-1024x286.png\" alt=\"Orange County Mayor Jerry L. Demings\" width=\"500\" height=\"140\" srcset=\"https:\/\/newsroom.ocfl.net\/wp-content\/uploads\/2023\/09\/Mayor_Demings_Digest_Footer_2022-1024x286.png 1024w, https:\/\/newsroom.ocfl.net\/wp-content\/uploads\/2023\/09\/Mayor_Demings_Digest_Footer_2022-300x84.png 300w, https:\/\/newsroom.ocfl.net\/wp-content\/uploads\/2023\/09\/Mayor_Demings_Digest_Footer_2022-768x215.png 768w, https:\/\/newsroom.ocfl.net\/wp-content\/uploads\/2023\/09\/Mayor_Demings_Digest_Footer_2022-1536x429.png 1536w, https:\/\/newsroom.ocfl.net\/wp-content\/uploads\/2023\/09\/Mayor_Demings_Digest_Footer_2022-600x168.png 600w, https:\/\/newsroom.ocfl.net\/wp-content\/uploads\/2023\/09\/Mayor_Demings_Digest_Footer_2022-785x219.png 785w, https:\/\/newsroom.ocfl.net\/wp-content\/uploads\/2023\/09\/Mayor_Demings_Digest_Footer_2022.png 2000w\" sizes=\"auto, (max-width: 500px) 100vw, 500px\" \/><\/a><\/p>\n<p><a href=\"https:\/\/www.ocfl.net\/Digest\" target=\"_blank\" rel=\"noopener\" aria-label=\"Link opens in a new tab\">Subscribe to the Demings\u2019 Digest Newsletter<\/a><\/p>\n<p><!-- mp_trans_remove_end --><!-- mp_trans_disable_start --><!-- mp_trans_add\n\n\n<div class=\"spanish-div\">Saludos,<\/div>\n\n\n\n\n<div class=\"spanish-div\">\n\nEl verano ya casi est\u00e1 aqu\u00ed, y es el momento perfecto para salir y disfrutar de todo lo que el Condado de Orange tiene para ofrecer, desde nuestros hermosos parques y lagos hasta emocionantes eventos comunitarios. Junio est\u00e1 lleno de oportunidades para conectar, incluyendo la siempre inspiradora <a href=\"https:\/\/www.ocfl.net\/CultureParks\/DrMartinLutherKingJrInitiative\/Meetings.aspx\">Celebraci\u00f3n de Juneteenth<\/a>, organizada por la Iniciativa MLK del Condado de Orange. \u00a1No olvide consultar la lista completa de eventos en este bolet\u00edn!<\/div>\n\n\n\n\n<div class=\"spanish-div\">\n\nA medida que nos acercamos a la temporada de huracanes, es importante que usted y su familia est\u00e9n preparados. Acomp\u00e1\u00f1enos a la <a href=\"https:\/\/www.ocfl.net\/EmergencySafety\/EmergencyInformation.aspx\">Exposici\u00f3n de Huracanes del Condado de Orange<\/a> el s\u00e1bado 21 de junio en la Escuela Secundaria Evans, organizada por nuestra Oficina de Administraci\u00f3n de Emergencias. Llegue temprano para recibir suministros de emergencia gratuitos (hasta agotar existencias) y conozca a expertos locales, como la meteor\u00f3loga Amy Sweezey.<\/div>\n\n\n\n\n<div class=\"spanish-div\">\n\nEl 6 de junio, pronunciar\u00e9 el discurso sobre <a href=\"http:\/\/www.ocfl.net\/soc\">el Estado del Condado de 2025<\/a> \u2014 un momento para reflexionar sobre nuestros logros compartidos y definir el futuro del Condado de Orange. Pueden verlo en directo por <a href=\"https:\/\/www.ocfl.net\/orangetv\">Orange TV<\/a> o seguirlo en nuestras redes sociales.<\/div>\n\n\n\n\n<div class=\"spanish-div\">\n\nEste mes tambi\u00e9n dedicamos tiempo a recordar y honrar a todas las personas afectadas por la tragedia de Pulse, incluyendo a los 49 \u00e1ngeles de Pulse, sus familias, los supervivientes y el personal de primera respuesta. Una <a href=\"https:\/\/www.pulseorlando.org\/Events\/2025-Pulse-Remembrance-Ceremony\">ceremonia especial<\/a> de conmemoraci\u00f3n se llevar\u00e1 a cabo el 12 de junio en el centro de Orlando, organizada por la Ciudad de Orlando.<\/div>\n\n\n\n\n<div class=\"spanish-div\">\n\nPor \u00faltimo, con la proximidad del D\u00eda del Padre, quiero expresar mi m\u00e1s sincero agradecimiento a todos los padres, cuidadores y mentores que brindan amor, apoyo y gu\u00eda. Su influencia tiene un impacto duradero. Les deseo un feliz y relajante D\u00eda del Padre!<\/div>\n\n\n\n\n<div class=\"spanish-div\">\n\nAtentamente,<\/div>\n\n\n\n\n<div class=\"spanish-div\">\n\n\nJerry L. Demings<\/div>\n\n\n\n\n<div class=\"spanish-div\">\nAlcalde del Condado de Orange<\/div>\n\n\n--><!-- mp_trans_disable_end --><\/p>\n","protected":false},"excerpt":{"rendered":"<p>Greetings, Summer is almost here, and it is the perfect time to get outside and enjoy everything Orange County has to offer \u2014 from our beautiful parks and lakes to exciting community events. There are a lot of new experiences being offered by all of our local theme parks, and I encourage you to make [&hellip;]<\/p>\n","protected":false},"author":31,"featured_media":22613,"comment_status":"closed","ping_status":"closed","sticky":false,"template":"","format":"standard","meta":{"_acf_changed":false,"footnotes":""},"categories":[695],"tags":[704],"class_list":["post-22611","post","type-post","status-publish","format-standard","has-post-thumbnail","hentry","category-mayor-letter","tag-demings-digest"],"acf":[],"yoast_head":"<!-- This site is optimized with the Yoast SEO plugin v27.5 - https:\/\/yoast.com\/product\/yoast-seo-wordpress\/ -->\n<title>The Demings Digest | June 2025<\/title>\n<meta name=\"robots\" content=\"index, follow, max-snippet:-1, max-image-preview:large, max-video-preview:-1\" \/>\n<link rel=\"canonical\" href=\"https:\/\/newsroom.ocfl.net\/2025\/06\/the-demings-digest-june-2025\/\" \/>\n<meta property=\"og:locale\" content=\"en_US\" \/>\n<meta property=\"og:type\" content=\"article\" \/>\n<meta property=\"og:title\" content=\"The Demings Digest | June 2025\" \/>\n<meta property=\"og:description\" content=\"Greetings, Summer is almost here, and it is the perfect time to get outside and enjoy everything Orange County has to offer \u2014 from our beautiful parks and lakes to exciting community events. There are a lot of new experiences being offered by all of our local theme parks, and I encourage you to make [&hellip;]\" \/>\n<meta property=\"og:url\" content=\"https:\/\/newsroom.ocfl.net\/2025\/06\/the-demings-digest-june-2025\/\" \/>\n<meta property=\"og:site_name\" content=\"OCFL Newsroom\" \/>\n<meta property=\"article:publisher\" content=\"https:\/\/www.facebook.com\/OrangeCountyFlorida\/\" \/>\n<meta property=\"article:published_time\" content=\"2025-06-02T16:41:49+00:00\" \/>\n<meta property=\"article:modified_time\" content=\"2025-06-03T13:59:16+00:00\" \/>\n<meta property=\"og:image\" content=\"https:\/\/newsroom.ocfl.net\/wp-content\/uploads\/2025\/05\/OCFL2025-345-scaled.jpg\" \/>\n\t<meta property=\"og:image:width\" content=\"2560\" \/>\n\t<meta property=\"og:image:height\" content=\"1704\" \/>\n\t<meta property=\"og:image:type\" content=\"image\/jpeg\" \/>\n<meta name=\"author\" content=\"Chris Romero\" \/>\n<meta name=\"twitter:card\" content=\"summary_large_image\" \/>\n<meta name=\"twitter:creator\" content=\"@OrangeCoFL\" \/>\n<meta name=\"twitter:site\" content=\"@OrangeCoFL\" \/>\n<meta name=\"twitter:label1\" content=\"Written by\" \/>\n\t<meta name=\"twitter:data1\" content=\"Chris Romero\" \/>\n\t<meta name=\"twitter:label2\" content=\"Est. reading time\" \/>\n\t<meta name=\"twitter:data2\" content=\"2 minutes\" \/>\n<script type=\"application\/ld+json\" class=\"yoast-schema-graph\">{\"@context\":\"https:\\\/\\\/schema.org\",\"@graph\":[{\"@type\":\"Article\",\"@id\":\"https:\\\/\\\/newsroom.ocfl.net\\\/2025\\\/06\\\/the-demings-digest-june-2025\\\/#article\",\"isPartOf\":{\"@id\":\"https:\\\/\\\/newsroom.ocfl.net\\\/2025\\\/06\\\/the-demings-digest-june-2025\\\/\"},\"author\":{\"name\":\"Chris Romero\",\"@id\":\"https:\\\/\\\/newsroom.ocfl.net\\\/#\\\/schema\\\/person\\\/a48aae4d9682c49980e8bfb742c62e4a\"},\"headline\":\"The Demings Digest | June 2025\",\"datePublished\":\"2025-06-02T16:41:49+00:00\",\"dateModified\":\"2025-06-03T13:59:16+00:00\",\"mainEntityOfPage\":{\"@id\":\"https:\\\/\\\/newsroom.ocfl.net\\\/2025\\\/06\\\/the-demings-digest-june-2025\\\/\"},\"wordCount\":293,\"publisher\":{\"@id\":\"https:\\\/\\\/newsroom.ocfl.net\\\/#organization\"},\"image\":{\"@id\":\"https:\\\/\\\/newsroom.ocfl.net\\\/2025\\\/06\\\/the-demings-digest-june-2025\\\/#primaryimage\"},\"thumbnailUrl\":\"https:\\\/\\\/newsroom.ocfl.net\\\/wp-content\\\/uploads\\\/2025\\\/05\\\/OCFL2025-345-scaled.jpg\",\"keywords\":[\"Demings Digest\"],\"articleSection\":[\"Mayor\u2019s Letter\"],\"inLanguage\":\"en-US\"},{\"@type\":\"WebPage\",\"@id\":\"https:\\\/\\\/newsroom.ocfl.net\\\/2025\\\/06\\\/the-demings-digest-june-2025\\\/\",\"url\":\"https:\\\/\\\/newsroom.ocfl.net\\\/2025\\\/06\\\/the-demings-digest-june-2025\\\/\",\"name\":\"The Demings Digest | June 2025\",\"isPartOf\":{\"@id\":\"https:\\\/\\\/newsroom.ocfl.net\\\/#website\"},\"primaryImageOfPage\":{\"@id\":\"https:\\\/\\\/newsroom.ocfl.net\\\/2025\\\/06\\\/the-demings-digest-june-2025\\\/#primaryimage\"},\"image\":{\"@id\":\"https:\\\/\\\/newsroom.ocfl.net\\\/2025\\\/06\\\/the-demings-digest-june-2025\\\/#primaryimage\"},\"thumbnailUrl\":\"https:\\\/\\\/newsroom.ocfl.net\\\/wp-content\\\/uploads\\\/2025\\\/05\\\/OCFL2025-345-scaled.jpg\",\"datePublished\":\"2025-06-02T16:41:49+00:00\",\"dateModified\":\"2025-06-03T13:59:16+00:00\",\"breadcrumb\":{\"@id\":\"https:\\\/\\\/newsroom.ocfl.net\\\/2025\\\/06\\\/the-demings-digest-june-2025\\\/#breadcrumb\"},\"inLanguage\":\"en-US\",\"potentialAction\":[{\"@type\":\"ReadAction\",\"target\":[\"https:\\\/\\\/newsroom.ocfl.net\\\/2025\\\/06\\\/the-demings-digest-june-2025\\\/\"]}]},{\"@type\":\"ImageObject\",\"inLanguage\":\"en-US\",\"@id\":\"https:\\\/\\\/newsroom.ocfl.net\\\/2025\\\/06\\\/the-demings-digest-june-2025\\\/#primaryimage\",\"url\":\"https:\\\/\\\/newsroom.ocfl.net\\\/wp-content\\\/uploads\\\/2025\\\/05\\\/OCFL2025-345-scaled.jpg\",\"contentUrl\":\"https:\\\/\\\/newsroom.ocfl.net\\\/wp-content\\\/uploads\\\/2025\\\/05\\\/OCFL2025-345-scaled.jpg\",\"width\":2560,\"height\":1704},{\"@type\":\"BreadcrumbList\",\"@id\":\"https:\\\/\\\/newsroom.ocfl.net\\\/2025\\\/06\\\/the-demings-digest-june-2025\\\/#breadcrumb\",\"itemListElement\":[{\"@type\":\"ListItem\",\"position\":1,\"name\":\"Home\",\"item\":\"https:\\\/\\\/newsroom.ocfl.net\\\/\"},{\"@type\":\"ListItem\",\"position\":2,\"name\":\"The Demings Digest | June 2025\"}]},{\"@type\":\"WebSite\",\"@id\":\"https:\\\/\\\/newsroom.ocfl.net\\\/#website\",\"url\":\"https:\\\/\\\/newsroom.ocfl.net\\\/\",\"name\":\"OCFL Newsroom\",\"description\":\"Orange County, Florida | Government Newsroom\",\"publisher\":{\"@id\":\"https:\\\/\\\/newsroom.ocfl.net\\\/#organization\"},\"potentialAction\":[{\"@type\":\"SearchAction\",\"target\":{\"@type\":\"EntryPoint\",\"urlTemplate\":\"https:\\\/\\\/newsroom.ocfl.net\\\/?s={search_term_string}\"},\"query-input\":{\"@type\":\"PropertyValueSpecification\",\"valueRequired\":true,\"valueName\":\"search_term_string\"}}],\"inLanguage\":\"en-US\"},{\"@type\":\"Organization\",\"@id\":\"https:\\\/\\\/newsroom.ocfl.net\\\/#organization\",\"name\":\"Orange County Government Newsroom\",\"url\":\"https:\\\/\\\/newsroom.ocfl.net\\\/\",\"logo\":{\"@type\":\"ImageObject\",\"inLanguage\":\"en-US\",\"@id\":\"https:\\\/\\\/newsroom.ocfl.net\\\/#\\\/schema\\\/logo\\\/image\\\/\",\"url\":\"https:\\\/\\\/newsroom.ocfl.net\\\/wp-content\\\/uploads\\\/2017\\\/03\\\/NEWS-APP-DropShadow.png\",\"contentUrl\":\"https:\\\/\\\/newsroom.ocfl.net\\\/wp-content\\\/uploads\\\/2017\\\/03\\\/NEWS-APP-DropShadow.png\",\"width\":504,\"height\":504,\"caption\":\"Orange County Government Newsroom\"},\"image\":{\"@id\":\"https:\\\/\\\/newsroom.ocfl.net\\\/#\\\/schema\\\/logo\\\/image\\\/\"},\"sameAs\":[\"https:\\\/\\\/www.facebook.com\\\/OrangeCountyFlorida\\\/\",\"https:\\\/\\\/x.com\\\/OrangeCoFL\",\"https:\\\/\\\/www.instagram.com\\\/ocfl\\\/\",\"https:\\\/\\\/www.linkedin.com\\\/company\\\/orange-county-government\",\"https:\\\/\\\/www.youtube.com\\\/channel\\\/UCff6MZzeWNpXg6TCU3jdxbA\"]},{\"@type\":\"Person\",\"@id\":\"https:\\\/\\\/newsroom.ocfl.net\\\/#\\\/schema\\\/person\\\/a48aae4d9682c49980e8bfb742c62e4a\",\"name\":\"Chris Romero\"}]}<\/script>\n<!-- \/ Yoast SEO plugin. -->","yoast_head_json":{"title":"The Demings Digest | June 2025","robots":{"index":"index","follow":"follow","max-snippet":"max-snippet:-1","max-image-preview":"max-image-preview:large","max-video-preview":"max-video-preview:-1"},"canonical":"https:\/\/newsroom.ocfl.net\/2025\/06\/the-demings-digest-june-2025\/","og_locale":"en_US","og_type":"article","og_title":"The Demings Digest | June 2025","og_description":"Greetings, Summer is almost here, and it is the perfect time to get outside and enjoy everything Orange County has to offer \u2014 from our beautiful parks and lakes to exciting community events. There are a lot of new experiences being offered by all of our local theme parks, and I encourage you to make [&hellip;]","og_url":"https:\/\/newsroom.ocfl.net\/2025\/06\/the-demings-digest-june-2025\/","og_site_name":"OCFL Newsroom","article_publisher":"https:\/\/www.facebook.com\/OrangeCountyFlorida\/","article_published_time":"2025-06-02T16:41:49+00:00","article_modified_time":"2025-06-03T13:59:16+00:00","og_image":[{"width":2560,"height":1704,"url":"https:\/\/newsroom.ocfl.net\/wp-content\/uploads\/2025\/05\/OCFL2025-345-scaled.jpg","type":"image\/jpeg"}],"author":"Chris Romero","twitter_card":"summary_large_image","twitter_creator":"@OrangeCoFL","twitter_site":"@OrangeCoFL","twitter_misc":{"Written by":"Chris Romero","Est. reading time":"2 minutes"},"schema":{"@context":"https:\/\/schema.org","@graph":[{"@type":"Article","@id":"https:\/\/newsroom.ocfl.net\/2025\/06\/the-demings-digest-june-2025\/#article","isPartOf":{"@id":"https:\/\/newsroom.ocfl.net\/2025\/06\/the-demings-digest-june-2025\/"},"author":{"name":"Chris Romero","@id":"https:\/\/newsroom.ocfl.net\/#\/schema\/person\/a48aae4d9682c49980e8bfb742c62e4a"},"headline":"The Demings Digest | June 2025","datePublished":"2025-06-02T16:41:49+00:00","dateModified":"2025-06-03T13:59:16+00:00","mainEntityOfPage":{"@id":"https:\/\/newsroom.ocfl.net\/2025\/06\/the-demings-digest-june-2025\/"},"wordCount":293,"publisher":{"@id":"https:\/\/newsroom.ocfl.net\/#organization"},"image":{"@id":"https:\/\/newsroom.ocfl.net\/2025\/06\/the-demings-digest-june-2025\/#primaryimage"},"thumbnailUrl":"https:\/\/newsroom.ocfl.net\/wp-content\/uploads\/2025\/05\/OCFL2025-345-scaled.jpg","keywords":["Demings Digest"],"articleSection":["Mayor\u2019s Letter"],"inLanguage":"en-US"},{"@type":"WebPage","@id":"https:\/\/newsroom.ocfl.net\/2025\/06\/the-demings-digest-june-2025\/","url":"https:\/\/newsroom.ocfl.net\/2025\/06\/the-demings-digest-june-2025\/","name":"The Demings Digest | June 2025","isPartOf":{"@id":"https:\/\/newsroom.ocfl.net\/#website"},"primaryImageOfPage":{"@id":"https:\/\/newsroom.ocfl.net\/2025\/06\/the-demings-digest-june-2025\/#primaryimage"},"image":{"@id":"https:\/\/newsroom.ocfl.net\/2025\/06\/the-demings-digest-june-2025\/#primaryimage"},"thumbnailUrl":"https:\/\/newsroom.ocfl.net\/wp-content\/uploads\/2025\/05\/OCFL2025-345-scaled.jpg","datePublished":"2025-06-02T16:41:49+00:00","dateModified":"2025-06-03T13:59:16+00:00","breadcrumb":{"@id":"https:\/\/newsroom.ocfl.net\/2025\/06\/the-demings-digest-june-2025\/#breadcrumb"},"inLanguage":"en-US","potentialAction":[{"@type":"ReadAction","target":["https:\/\/newsroom.ocfl.net\/2025\/06\/the-demings-digest-june-2025\/"]}]},{"@type":"ImageObject","inLanguage":"en-US","@id":"https:\/\/newsroom.ocfl.net\/2025\/06\/the-demings-digest-june-2025\/#primaryimage","url":"https:\/\/newsroom.ocfl.net\/wp-content\/uploads\/2025\/05\/OCFL2025-345-scaled.jpg","contentUrl":"https:\/\/newsroom.ocfl.net\/wp-content\/uploads\/2025\/05\/OCFL2025-345-scaled.jpg","width":2560,"height":1704},{"@type":"BreadcrumbList","@id":"https:\/\/newsroom.ocfl.net\/2025\/06\/the-demings-digest-june-2025\/#breadcrumb","itemListElement":[{"@type":"ListItem","position":1,"name":"Home","item":"https:\/\/newsroom.ocfl.net\/"},{"@type":"ListItem","position":2,"name":"The Demings Digest | June 2025"}]},{"@type":"WebSite","@id":"https:\/\/newsroom.ocfl.net\/#website","url":"https:\/\/newsroom.ocfl.net\/","name":"OCFL Newsroom","description":"Orange County, Florida | Government Newsroom","publisher":{"@id":"https:\/\/newsroom.ocfl.net\/#organization"},"potentialAction":[{"@type":"SearchAction","target":{"@type":"EntryPoint","urlTemplate":"https:\/\/newsroom.ocfl.net\/?s={search_term_string}"},"query-input":{"@type":"PropertyValueSpecification","valueRequired":true,"valueName":"search_term_string"}}],"inLanguage":"en-US"},{"@type":"Organization","@id":"https:\/\/newsroom.ocfl.net\/#organization","name":"Orange County Government Newsroom","url":"https:\/\/newsroom.ocfl.net\/","logo":{"@type":"ImageObject","inLanguage":"en-US","@id":"https:\/\/newsroom.ocfl.net\/#\/schema\/logo\/image\/","url":"https:\/\/newsroom.ocfl.net\/wp-content\/uploads\/2017\/03\/NEWS-APP-DropShadow.png","contentUrl":"https:\/\/newsroom.ocfl.net\/wp-content\/uploads\/2017\/03\/NEWS-APP-DropShadow.png","width":504,"height":504,"caption":"Orange County Government Newsroom"},"image":{"@id":"https:\/\/newsroom.ocfl.net\/#\/schema\/logo\/image\/"},"sameAs":["https:\/\/www.facebook.com\/OrangeCountyFlorida\/","https:\/\/x.com\/OrangeCoFL","https:\/\/www.instagram.com\/ocfl\/","https:\/\/www.linkedin.com\/company\/orange-county-government","https:\/\/www.youtube.com\/channel\/UCff6MZzeWNpXg6TCU3jdxbA"]},{"@type":"Person","@id":"https:\/\/newsroom.ocfl.net\/#\/schema\/person\/a48aae4d9682c49980e8bfb742c62e4a","name":"Chris Romero"}]}},"_links":{"self":[{"href":"https:\/\/newsroom.ocfl.net\/wp-json\/wp\/v2\/posts\/22611","targetHints":{"allow":["GET"]}}],"collection":[{"href":"https:\/\/newsroom.ocfl.net\/wp-json\/wp\/v2\/posts"}],"about":[{"href":"https:\/\/newsroom.ocfl.net\/wp-json\/wp\/v2\/types\/post"}],"author":[{"embeddable":true,"href":"https:\/\/newsroom.ocfl.net\/wp-json\/wp\/v2\/users\/31"}],"replies":[{"embeddable":true,"href":"https:\/\/newsroom.ocfl.net\/wp-json\/wp\/v2\/comments?post=22611"}],"version-history":[{"count":6,"href":"https:\/\/newsroom.ocfl.net\/wp-json\/wp\/v2\/posts\/22611\/revisions"}],"predecessor-version":[{"id":22634,"href":"https:\/\/newsroom.ocfl.net\/wp-json\/wp\/v2\/posts\/22611\/revisions\/22634"}],"wp:featuredmedia":[{"embeddable":true,"href":"https:\/\/newsroom.ocfl.net\/wp-json\/wp\/v2\/media\/22613"}],"wp:attachment":[{"href":"https:\/\/newsroom.ocfl.net\/wp-json\/wp\/v2\/media?parent=22611"}],"wp:term":[{"taxonomy":"category","embeddable":true,"href":"https:\/\/newsroom.ocfl.net\/wp-json\/wp\/v2\/categories?post=22611"},{"taxonomy":"post_tag","embeddable":true,"href":"https:\/\/newsroom.ocfl.net\/wp-json\/wp\/v2\/tags?post=22611"}],"curies":[{"name":"wp","href":"https:\/\/api.w.org\/{rel}","templated":true}]}}